{"id":5223,"date":"2014-09-26T17:03:36","date_gmt":"2014-09-26T17:03:36","guid":{"rendered":"http:\/\/sintema.org.br\/sintema\/?p=5223"},"modified":"2014-09-26T17:30:49","modified_gmt":"2014-09-26T17:30:49","slug":"fasubra-participa-de-encontro-de-aposentados-em-natalrn","status":"publish","type":"post","link":"https:\/\/sintema.org.br\/sintema\/fasubra-participa-de-encontro-de-aposentados-em-natalrn\/","title":{"rendered":"FASUBRA PARTICIPA DE ENCONTRO DE APOSENTADOS EM NATAL\/RN"},"content":{"rendered":"<p><a href=\"http:\/\/sintema.org.br\/sintema\/wp-content\/uploads\/2014\/09\/eventocobap1.jpg\"><img loading=\"lazy\" class=\"alignnone  wp-image-5224\" alt=\"eventocobap1\" src=\"http:\/\/sintema.org.br\/sintema\/wp-content\/uploads\/2014\/09\/eventocobap1.jpg\" width=\"403\" height=\"267\" srcset=\"https:\/\/sintema.org.br\/sintema\/wp-content\/uploads\/2014\/09\/eventocobap1.jpg 960w, https:\/\/sintema.org.br\/sintema\/wp-content\/uploads\/2014\/09\/eventocobap1-300x199.jpg 300w\" sizes=\"(max-width: 403px) 100vw, 403px\" \/><\/a><\/p>\n<p>A Dire\u00e7\u00e3o Nacional da Fasubra visto a necessidade de intensificar as atividades da pasta de Coordena\u00e7\u00e3o de Aposentados e Aposentando, definiu e aprovou na plen\u00e1ria participar em conjunto com MOSAP, COBAP e ANFIP, organiza\u00e7\u00f5es representativas dos aposentados, no f\u00f3rum da UNA-SE e cobrar do Congresso Nacional aprova\u00e7\u00e3o das PEC&#8217;s no I Encontro Nacional de Federa\u00e7\u00f5es e Entidades de Base de Aposentados e Pensionistas do Brasil promovido pela COBAP, MOSAP, ANFIP, em Natal de 18 A 22 de setembro de 2014, e da caminhada do Movimento Una-se.<\/p>\n<p>O\u00a0Encontro\u00a0reuniu 600 participantes de todo o pa\u00eds e teve como objetivo\u00a0discutir e buscar melhorias para os idosos, aposentados e pensionistas, al\u00e9m de mobilizar a categoria em prol das lutas da classe, entre elas a PEC 555\/06 que tramita na C\u00e2mara desde 2006 e do PL 4434\/08, aprovado no Senado Federal por unanimidade e que pendente de aprecia\u00e7\u00e3o na C\u00e2mara Federal desde 2008.<\/p>\n<p>O evento teve in\u00edcio na manh\u00e3 do dia 19 de setembro com\u00a0\u00a0mesa de abertura composta\u00a0presidente da COBAP, Warley Martins Gon\u00e7alles, pelo presidente da Federa\u00e7\u00e3o dos Aposentados de Minas Gerais, Robson Bittencourt, pelo presidente do Instituto Mosap, Edson Guilherme, pelo ministro da Previd\u00eancia Social, Garibaldi Alves Filho e pelo deputado Henrique Alves, Senador Paulo Paim e demais lideran\u00e7as do estado do RN.<\/p>\n<p>A manh\u00e3 foi marcada pelo pronunciamento hist\u00f3rico\u00a0\u00a0do Presidente da C\u00e2mara Federal Dep. Henrique Eduardo Alves\u00a0\u00a0que h\u00e1 cerca de dois anos vem tentando di\u00e1logo com o governo sobre os encaminhamentos da PEC 555\/06 (fim da tributa\u00e7\u00e3o previdenci\u00e1ria ao aposentado) e do PL 4434\/08 e chamou a aten\u00e7\u00e3o para a \u201cdif\u00edcil rela\u00e7\u00e3o entre o executivo e o legislativo, e que a causa dos aposentados \u00e9 mais importante\u201d.<\/p>\n<p>\u00c0 tarde o evento contou com grande caminhada pelas ruas de Natal, constru\u00edda pelo Movimento UNA-SE, composto por v\u00e1rias entidades do Servi\u00e7o P\u00fablico, e que visa intensificar a luta pela vota\u00e7\u00e3o dos projetos que tramitam no parlamento, especificamente\u00a0\u00a0a PEC555\/06\u00a0\u00a0e o PL 4434\/08. \u00a0A caminhada saiu pelas ruas\u00a0\u00a0a partir das 15h30 e durante todo o percurso foi ganhando admiradores que respondiam as palavras de ordem \u201cAposentados Unidos jamais ser\u00e3o vencidos\u201d. A alegria, o comprometimento e destemor que tomaram conta dos participantes. O Evento encerrou-se as 17h53 com aplausos e a sensa\u00e7\u00e3o, por parte dos presentes e observadores, do dever cumprido.<\/p>\n<p>&nbsp;<\/p>\n<p>Fonte: Fasubra<\/p>\n","protected":false},"excerpt":{"rendered":"<p>A Dire\u00e7\u00e3o Nacional da Fasubra visto a necessidade de intensificar as atividades da pasta de Coordena\u00e7\u00e3o de Aposentados e Aposentando, definiu e aprovou na plen\u00e1ria participar em conjunto com MOSAP, COBAP e ANFIP, organiza\u00e7\u00f5es representativas dos aposentados, no f\u00f3rum da UNA-SE e cobrar do Congresso Nacional aprova\u00e7\u00e3o das PEC&#8217;s no I Encontro Nacional de Federa\u00e7\u00f5es [&hellip;]<\/p>\n","protected":false},"author":2,"featured_media":0,"comment_status":"open","ping_status":"open","sticky":false,"template":"","format":"standard","meta":[],"categories":[5,18],"tags":[],"_links":{"self":[{"href":"https:\/\/sintema.org.br\/sintema\/wp-json\/wp\/v2\/posts\/5223"}],"collection":[{"href":"https:\/\/sintema.org.br\/sintema\/wp-json\/wp\/v2\/posts"}],"about":[{"href":"https:\/\/sintema.org.br\/sintema\/wp-json\/wp\/v2\/types\/post"}],"author":[{"embeddable":true,"href":"https:\/\/sintema.org.br\/sintema\/wp-json\/wp\/v2\/users\/2"}],"replies":[{"embeddable":true,"href":"https:\/\/sintema.org.br\/sintema\/wp-json\/wp\/v2\/comments?post=5223"}],"version-history":[{"count":2,"href":"https:\/\/sintema.org.br\/sintema\/wp-json\/wp\/v2\/posts\/5223\/revisions"}],"predecessor-version":[{"id":5226,"href":"https:\/\/sintema.org.br\/sintema\/wp-json\/wp\/v2\/posts\/5223\/revisions\/5226"}],"wp:attachment":[{"href":"https:\/\/sintema.org.br\/sintema\/wp-json\/wp\/v2\/media?parent=5223"}],"wp:term":[{"taxonomy":"category","embeddable":true,"href":"https:\/\/sintema.org.br\/sintema\/wp-json\/wp\/v2\/categories?post=5223"},{"taxonomy":"post_tag","embeddable":true,"href":"https:\/\/sintema.org.br\/sintema\/wp-json\/wp\/v2\/tags?post=5223"}],"curies":[{"name":"wp","href":"https:\/\/api.w.org\/{rel}","templated":true}]}}