{"id":5460,"date":"2014-11-27T14:24:37","date_gmt":"2014-11-27T14:24:37","guid":{"rendered":"http:\/\/sintema.org.br\/sintema\/?p=5460"},"modified":"2014-11-27T23:36:09","modified_gmt":"2014-11-27T23:36:09","slug":"no-dia-nacional-de-combate-ao-cancer-conheca-os-tipos-mais-recorrentes-no-brasil-e-a-forma-de-evita-los","status":"publish","type":"post","link":"https:\/\/sintema.org.br\/sintema\/no-dia-nacional-de-combate-ao-cancer-conheca-os-tipos-mais-recorrentes-no-brasil-e-a-forma-de-evita-los\/","title":{"rendered":"No Dia Nacional de Combate ao C\u00e2ncer, conhe\u00e7a os tipos mais recorrentes no Brasil e a forma de evita-los"},"content":{"rendered":"<h2><em><strong>Segundo estimativas, entre 2014 e 2015 o Brasil ter\u00e1 576 mil novos casos de c\u00e2ncer<\/strong><\/em><\/h2>\n<p><a href=\"http:\/\/sintema.org.br\/sintema\/wp-content\/uploads\/2014\/11\/o5K06_7f4533dfffa169b069fd2590f96ca9e5.jpg\"><img loading=\"lazy\" class=\"alignnone  wp-image-5461\" alt=\"o5K06_7f4533dfffa169b069fd2590f96ca9e5\" src=\"http:\/\/sintema.org.br\/sintema\/wp-content\/uploads\/2014\/11\/o5K06_7f4533dfffa169b069fd2590f96ca9e5-1024x709.jpg\" width=\"384\" height=\"266\" srcset=\"https:\/\/sintema.org.br\/sintema\/wp-content\/uploads\/2014\/11\/o5K06_7f4533dfffa169b069fd2590f96ca9e5-1024x709.jpg 1024w, https:\/\/sintema.org.br\/sintema\/wp-content\/uploads\/2014\/11\/o5K06_7f4533dfffa169b069fd2590f96ca9e5-300x207.jpg 300w, https:\/\/sintema.org.br\/sintema\/wp-content\/uploads\/2014\/11\/o5K06_7f4533dfffa169b069fd2590f96ca9e5.jpg 1600w\" sizes=\"(max-width: 384px) 100vw, 384px\" \/><\/a><\/p>\n<p>Hoje (27) \u00e9 o Dia Nacional de Combate ao C\u00e2ncer, doen\u00e7a que resulta da intera\u00e7\u00e3o entre fatores ambientais e gen\u00e9ticos do indiv\u00edduo.<\/p>\n<p>De acordo com a defini\u00e7\u00e3o do <em>site<\/em> do Instituto Nacional de C\u00e2ncer (Inca), &#8220;C\u00e2ncer \u00e9 o nome dado a um conjunto de mais de 100 doen\u00e7as que t\u00eam em comum o crescimento desordenado (maligno) de c\u00e9lulas que invadem os tecidos e \u00f3rg\u00e3os, podendo espalhar-se (met\u00e1stase) para outras regi\u00f5es do corpo&#8221;.<\/p>\n<p>Segundo dados do instituto, estima-se que em 2014 e 2015 o Brasil ter\u00e1 576 mil novos casos de c\u00e2ncer. Mundialmente, nos \u00faltimos houve aumento de 20% na incid\u00eancia da doen\u00e7a. At\u00e9 2030, s\u00e3o esperados mais de 27 milh\u00f5es de novos casos.<\/p>\n<p>Estimativas ainda apontam que, no Brasil, entre os principais tipos de c\u00e2ncer, destacam-se o de pele do tipo n\u00e3o melanoma (182 mil novos casos), seguido por tumores de pr\u00f3stata (69 mil), mama feminina (57 mil) e pulm\u00e3o (27 mil).<\/p>\n<p>Segundo o oncologista e presidente da Sociedade Brasileira de Oncologia Cl\u00ednica (SBOC), Evanius Wiermann, o c\u00e2ncer deve ser a doen\u00e7a que mais matar\u00e1 no mundo em pouco mais de dez anos.<\/p>\n<p>Ele disse que o aumento do n\u00famero de casos reflete o envelhecimento da popula\u00e7\u00e3o: &#8220;O c\u00e2ncer atinge, principalmente os idosos, e com o aumento da expectativa de vida no Brasil, acabamos tendo mais diagn\u00f3sticos. Aliado a isso, temos o aumento da popula\u00e7\u00e3o como um todo, afinal, quanto mais pessoas, o n\u00famero de casos tende a aumentar. &#8221;<\/p>\n<p>Mesmo com estes n\u00fameros que s\u00e3o considerados alarmantes e a doen\u00e7a estar associada a &#8220;senten\u00e7a de morte&#8221;, o especialista afirma que com os novos tratamentos e tecnologias, essa rela\u00e7\u00e3o tende a ser desconstru\u00edda gradativamente: &#8220;Com as novas pesquisas e o desenvolvimento de novas drogas, cada dia mais vemos que os pacientes est\u00e3o vivendo mais e com uma maior qualidade de vida. Temos o preceito na oncologia de que um medicamento s\u00f3 pode ser utilizado se for trazer mais benef\u00edcios do que malef\u00edcios ao paciente&#8221;.<\/p>\n<p>Segundo o presidente da SOBC, estudos apontam que a dieta pode ser um fator relevante para o desenvolvimento do c\u00e2ncer: &#8220;Temos dados que mostram que a dieta pode influenciar na incid\u00eancia da doen\u00e7a. Sua rela\u00e7\u00e3o n\u00e3o se limita apenas ao pr\u00e9-diagn\u00f3stico, mas tamb\u00e9m no p\u00f3s. Certos tipos de dieta durante o tratamento tamb\u00e9m podem ajudar a mudar o curso da doen\u00e7a&#8221;.<\/p>\n<p>Ele ainda afirmou que o consumo de \u00e1lcool realmente \u00e9 um fator de risco para o desenvolvimento da doen\u00e7a: &#8220;Segundo os especialistas, o consumo de \u00e1lcool est\u00e1 relacionado ao c\u00e2ncer de cabe\u00e7a, pesco\u00e7o, es\u00f4fago, intestino e mama&#8221;.<\/p>\n<p>De acordo com a dermatologista Daniela Lemas, da Sociedade Brasileira de Dermatologia (SBD), a principal provid\u00eancia para evitar o c\u00e2ncer de pele \u00e9 a utiliza\u00e7\u00e3o do protetor solar, al\u00e9m de outros cuidados: &#8220;Um dos principais fatores que desencadeiam o c\u00e2ncer de pele \u00e9 o quanto voc\u00ea se exp\u00f4s ao sol at\u00e9 os 18 anos, fase em que o DNA est\u00e1 suscet\u00edvel a transforma\u00e7\u00f5es. Pessoas com hist\u00f3ricos de queimaduras solares (com presen\u00e7a de bolhas e descama\u00e7\u00e3o da pele) t\u00eam grandes chances de desenvolver a doen\u00e7a, acarretada pelo efeito cumulativo do sol&#8221;.<\/p>\n<p>Quanto ao c\u00e2ncer de pr\u00f3stata, o urologista Alex Meller afirma que a doen\u00e7a d\u00e1 sintomas somente quando j\u00e1 est\u00e1 em est\u00e1gio avan\u00e7ado: &#8220;O tumor prost\u00e1tico raramente d\u00e1 sintomas, por isso \u00e9 importante realizar o check-up preventivo&#8221;.<\/p>\n<p>O oncologista Jos\u00e9 Rodrigues Pereira disse que a rela\u00e7\u00e3o do uso de anticoncepcionais orais e o aumento do risco de c\u00e2ncer de mama ainda \u00e9 um assunto muito controverso: &#8220;Estudos epidemiol\u00f3gicos com milhares de mulheres n\u00e3o demonstraram aumento significativo no risco de c\u00e2ncer de mama. Al\u00e9m do mais, os anticoncepcionais atuais possuem dosagem hormonal inferior aos que eram usados antigamente&#8221;.<\/p>\n<p>Segundo o pneumologista Ciro Kirchenchtejn, do Hospital Alem\u00e3o Oswaldo Cruz, \u201cquanto mais a pessoa fuma, mais riscos ela apresenta\u201d de adquirir c\u00e2ncer de pulm\u00e3o. O tabagismo \u00e9 respons\u00e1vel por 90% dos casos de c\u00e2ncer de pulm\u00e3o e 30% das mortes decorrentes de outros tipos de c\u00e2ncer.<\/p>\n<p>Para evitar o c\u00e2ncer, visite seu m\u00e9dico regularmente e <strong><a href=\"http:\/\/www1.inca.gov.br\/conteudo_view.asp?ID=22\">siga as recomenda\u00e7\u00f5es que est\u00e3o presentes no <em>site<\/em> do Inca<\/a><\/strong>. Uma das principais dicas \u00e9 ter uma vida saud\u00e1vel, com alimenta\u00e7\u00e3o balanceada, consumo de \u00e1gua e pr\u00e1tica regular de exerc\u00edcios f\u00edsicos.<\/p>\n<p>&nbsp;<\/p>\n<p>Fonte: R7.<\/p>\n","protected":false},"excerpt":{"rendered":"<p>Segundo estimativas, entre 2014 e 2015 o Brasil ter\u00e1 576 mil novos casos de c\u00e2ncer Hoje (27) \u00e9 o Dia Nacional de Combate ao C\u00e2ncer, doen\u00e7a que resulta da intera\u00e7\u00e3o entre fatores ambientais e gen\u00e9ticos do indiv\u00edduo. De acordo com a defini\u00e7\u00e3o do site do Instituto Nacional de C\u00e2ncer (Inca), &#8220;C\u00e2ncer \u00e9 o nome dado [&hellip;]<\/p>\n","protected":false},"author":2,"featured_media":0,"comment_status":"open","ping_status":"open","sticky":false,"template":"","format":"standard","meta":[],"categories":[18],"tags":[],"_links":{"self":[{"href":"https:\/\/sintema.org.br\/sintema\/wp-json\/wp\/v2\/posts\/5460"}],"collection":[{"href":"https:\/\/sintema.org.br\/sintema\/wp-json\/wp\/v2\/posts"}],"about":[{"href":"https:\/\/sintema.org.br\/sintema\/wp-json\/wp\/v2\/types\/post"}],"author":[{"embeddable":true,"href":"https:\/\/sintema.org.br\/sintema\/wp-json\/wp\/v2\/users\/2"}],"replies":[{"embeddable":true,"href":"https:\/\/sintema.org.br\/sintema\/wp-json\/wp\/v2\/comments?post=5460"}],"version-history":[{"count":1,"href":"https:\/\/sintema.org.br\/sintema\/wp-json\/wp\/v2\/posts\/5460\/revisions"}],"predecessor-version":[{"id":5462,"href":"https:\/\/sintema.org.br\/sintema\/wp-json\/wp\/v2\/posts\/5460\/revisions\/5462"}],"wp:attachment":[{"href":"https:\/\/sintema.org.br\/sintema\/wp-json\/wp\/v2\/media?parent=5460"}],"wp:term":[{"taxonomy":"category","embeddable":true,"href":"https:\/\/sintema.org.br\/sintema\/wp-json\/wp\/v2\/categories?post=5460"},{"taxonomy":"post_tag","embeddable":true,"href":"https:\/\/sintema.org.br\/sintema\/wp-json\/wp\/v2\/tags?post=5460"}],"curies":[{"name":"wp","href":"https:\/\/api.w.org\/{rel}","templated":true}]}}