{"id":5464,"date":"2014-11-27T23:29:58","date_gmt":"2014-11-27T23:29:58","guid":{"rendered":"http:\/\/sintema.org.br\/sintema\/?p=5464"},"modified":"2014-12-05T19:41:45","modified_gmt":"2014-12-05T19:41:45","slug":"sintema-convida-trabalhadores-para-missa-postuma","status":"publish","type":"post","link":"https:\/\/sintema.org.br\/sintema\/sintema-convida-trabalhadores-para-missa-postuma\/","title":{"rendered":"Sintema convida trabalhadores para Missa p\u00f3stuma"},"content":{"rendered":"<p><a href=\"http:\/\/sintema.org.br\/sintema\/wp-content\/uploads\/2014\/11\/missa.jpg\"><img loading=\"lazy\" class=\"alignnone  wp-image-5465\" alt=\"missa\" src=\"http:\/\/sintema.org.br\/sintema\/wp-content\/uploads\/2014\/11\/missa.jpg\" width=\"378\" height=\"180\" srcset=\"https:\/\/sintema.org.br\/sintema\/wp-content\/uploads\/2014\/11\/missa.jpg 630w, https:\/\/sintema.org.br\/sintema\/wp-content\/uploads\/2014\/11\/missa-300x142.jpg 300w\" sizes=\"(max-width: 378px) 100vw, 378px\" \/><\/a><\/p>\n<p>A Dire\u00e7\u00e3o do SINTEMA convida todos os trabalhadores T\u00e9cnico-administrativos em Educa\u00e7\u00e3o da UFMA, para uma Missa p\u00f3stuma em mem\u00f3ria dos servidores falecidos nos \u00faltimos meses.<\/p>\n<p>Este ato de piedade e f\u00e9 crist\u00e3 acontecer\u00e1 nesta sexta-feira, 28, no audit\u00f3rio I do CCET, campus do bacanga, \u00e0s 12:30h. Participe!<\/p>\n<p>A Missa acontece em homenagem \u00e0 Maur\u00edcio, Vera, e demais colegas falecidos ao longo dos \u00faltimos meses.<\/p>\n<p>N\u00e3o deixe de participar!<\/p>\n<p>&nbsp;<\/p>\n","protected":false},"excerpt":{"rendered":"<p>A Dire\u00e7\u00e3o do SINTEMA convida todos os trabalhadores T\u00e9cnico-administrativos em Educa\u00e7\u00e3o da UFMA, para uma Missa p\u00f3stuma em mem\u00f3ria dos servidores falecidos nos \u00faltimos meses. Este ato de piedade e f\u00e9 crist\u00e3 acontecer\u00e1 nesta sexta-feira, 28, no audit\u00f3rio I do CCET, campus do bacanga, \u00e0s 12:30h. Participe! A Missa acontece em homenagem \u00e0 Maur\u00edcio, Vera, [&hellip;]<\/p>\n","protected":false},"author":2,"featured_media":0,"comment_status":"open","ping_status":"open","sticky":false,"template":"","format":"standard","meta":[],"categories":[8],"tags":[],"_links":{"self":[{"href":"https:\/\/sintema.org.br\/sintema\/wp-json\/wp\/v2\/posts\/5464"}],"collection":[{"href":"https:\/\/sintema.org.br\/sintema\/wp-json\/wp\/v2\/posts"}],"about":[{"href":"https:\/\/sintema.org.br\/sintema\/wp-json\/wp\/v2\/types\/post"}],"author":[{"embeddable":true,"href":"https:\/\/sintema.org.br\/sintema\/wp-json\/wp\/v2\/users\/2"}],"replies":[{"embeddable":true,"href":"https:\/\/sintema.org.br\/sintema\/wp-json\/wp\/v2\/comments?post=5464"}],"version-history":[{"count":2,"href":"https:\/\/sintema.org.br\/sintema\/wp-json\/wp\/v2\/posts\/5464\/revisions"}],"predecessor-version":[{"id":5468,"href":"https:\/\/sintema.org.br\/sintema\/wp-json\/wp\/v2\/posts\/5464\/revisions\/5468"}],"wp:attachment":[{"href":"https:\/\/sintema.org.br\/sintema\/wp-json\/wp\/v2\/media?parent=5464"}],"wp:term":[{"taxonomy":"category","embeddable":true,"href":"https:\/\/sintema.org.br\/sintema\/wp-json\/wp\/v2\/categories?post=5464"},{"taxonomy":"post_tag","embeddable":true,"href":"https:\/\/sintema.org.br\/sintema\/wp-json\/wp\/v2\/tags?post=5464"}],"curies":[{"name":"wp","href":"https:\/\/api.w.org\/{rel}","templated":true}]}}