{"id":5472,"date":"2014-12-03T11:32:02","date_gmt":"2014-12-03T11:32:02","guid":{"rendered":"http:\/\/sintema.org.br\/sintema\/?p=5472"},"modified":"2014-12-03T11:34:06","modified_gmt":"2014-12-03T11:34:06","slug":"sindicato-dos-docentes-das-universidades-federais-do-maranhao-sind-ufma-realiza-1a-assembleia","status":"publish","type":"post","link":"https:\/\/sintema.org.br\/sintema\/sindicato-dos-docentes-das-universidades-federais-do-maranhao-sind-ufma-realiza-1a-assembleia\/","title":{"rendered":"Sindicato dos Docentes das Universidades Federais do Maranh\u00e3o \u2013 SIND-UFMA realiza 1\u00aa assembleia"},"content":{"rendered":"<div>\n<p><a href=\"http:\/\/sintema.org.br\/sintema\/wp-content\/uploads\/2014\/12\/ufma.jpg\"><img loading=\"lazy\" class=\"alignnone size-full wp-image-5473\" alt=\"ufma\" src=\"http:\/\/sintema.org.br\/sintema\/wp-content\/uploads\/2014\/12\/ufma.jpg\" width=\"300\" height=\"225\" \/><\/a><\/p>\n<p>O Sindicato dos Docentes das Universidades Federais do Maranh\u00e3o \u2013 SIND-UFMA, que prop\u00f5e a renova\u00e7\u00e3o do movimento docente, realiza assembleia na sexta-feira, dia 5 de dezembro, em primeira chamada \u00e0s 16h30, no Centro Pedag\u00f3gico Paulo Freire, na Cidade Universit\u00e1ria. A segunda chamada acontece \u00e0s 17h00.<\/p>\n<p>Da pauta da assembleia constar\u00e1 delibera\u00e7\u00e3o sobre o valor da contribui\u00e7\u00e3o associativa e informes sobre as atividades realizadas at\u00e9 agora, entre outros assuntos. Ao final da reuni\u00e3o, ser\u00e1 servido um coffee-break aos presentes. Na mesma oportunidade, acontecer\u00e1 o lan\u00e7amento estadual da campanha de filia\u00e7\u00e3o ao SIND-UFMA.<\/p>\n<p>Segundo o presidente do SIND-UFMA, o professor Gast\u00e3o Correia, a entidade representa os professores que procuram \u201cnovos caminhos para a constru\u00e7\u00e3o de um movimento docente de qualidade, com conte\u00fado propositivo e fundamentalmente pr\u00e1tico, para sugerir rumos para nossa universidade\u201d.<\/p>\n<p>Tamb\u00e9m ocorrer\u00e1 nos dias 04 e 05 de dezembro, no Hotel Luzeiros, a reuni\u00e3o do Conselho Deliberativo da Federa\u00e7\u00e3o de Sindicatos de Professores de Institui\u00e7\u00f5es Federais de Ensino Superior \u2013 PROIFES, ao qual o SIND-UFMA \u00e9 filiado, que contar\u00e1 com a presen\u00e7a do presidente da Federa\u00e7\u00e3o Eduardo Rolim de Oliveira (ADUFRGS-Sindical).<\/p>\n<p>Cria\u00e7\u00e3o do sindicato \u2013 No dia 29 de maio de 2014, mais de 400 professores da Universidade Federal do Maranh\u00e3o manifestaram sua concord\u00e2ncia com a cria\u00e7\u00e3o do Sindicato dos Docentes das Universidades Federais do Maranh\u00e3o, SIND-UFMA. Professores do Bacanga e de todos os campi do continente, ativos e aposentados, foram un\u00e2nimes em reconhecer a import\u00e2ncia desse novo sindicato. Um antigo anseio da categoria foi consolidado: a cria\u00e7\u00e3o do sindicato de docentes da pr\u00f3pria UFMA.<\/p>\n<p>O SIND-UFMA \u00e9 um sindicato local, sustentado pela base e organizado nacionalmente na Federa\u00e7\u00e3o dos Sindicatos dos Professores de Institui\u00e7\u00f5es Federais de Ensino Superior \u2013 PROIFES. Luta, portanto, para mudar estruturas arcaicas que n\u00e3o correspondem aos reais anseios dos trabalhadores da educa\u00e7\u00e3o p\u00fablica superior, por uma renova\u00e7\u00e3o do movimento docente e por uma organiza\u00e7\u00e3o que realmente represente seus interesses, tanto nos assuntos relativos \u00e0 carreira, sal\u00e1rio e melhores condi\u00e7\u00f5es de trabalho, quanto na busca por uma educa\u00e7\u00e3o nacional de qualidade.<\/p>\n<p>Campanha de filia\u00e7\u00e3o \u2013 A campanha de filia\u00e7\u00e3o prop\u00f5e um movimento sindical aut\u00f4nomo, um movimento que resgate a dignidade e a luta dos docentes \u2013 ativos e aposentados-, sem esquecer as necessidades b\u00e1sicas que um sindicato tem que cumprir, envolvendo ainda mais os professores e crescendo sua representatividade, inclusive pelos campi do interior do estado.<\/p>\n<p>As pe\u00e7as da campanha s\u00e3o: banner, adesivo de lapela, adesivo de carro, bloco de notas, cartaz e folder. Os filiados que quiserem, j\u00e1 podem sair da assembleia com suas pe\u00e7as para fazerem propaganda em seus locais de trabalho e junto aos colegas docentes.<\/p>\n<p>&nbsp;<\/p>\n<p>&nbsp;<\/p>\n<p><strong>Fonte:<\/strong> <em>http:\/\/blog.jornalpequeno.com.br\/johncutrim\/2014\/12\/02\/sindicato-dos-docentes-das-universidades-federais-maranhao-sind-ufma-realiza-1a-assembleia\/<\/em><\/p>\n<\/div>\n","protected":false},"excerpt":{"rendered":"<p>O Sindicato dos Docentes das Universidades Federais do Maranh\u00e3o \u2013 SIND-UFMA, que prop\u00f5e a renova\u00e7\u00e3o do movimento docente, realiza assembleia na sexta-feira, dia 5 de dezembro, em primeira chamada \u00e0s 16h30, no Centro Pedag\u00f3gico Paulo Freire, na Cidade Universit\u00e1ria. A segunda chamada acontece \u00e0s 17h00. Da pauta da assembleia constar\u00e1 delibera\u00e7\u00e3o sobre o valor da [&hellip;]<\/p>\n","protected":false},"author":2,"featured_media":0,"comment_status":"open","ping_status":"open","sticky":false,"template":"","format":"standard","meta":[],"categories":[5],"tags":[],"_links":{"self":[{"href":"https:\/\/sintema.org.br\/sintema\/wp-json\/wp\/v2\/posts\/5472"}],"collection":[{"href":"https:\/\/sintema.org.br\/sintema\/wp-json\/wp\/v2\/posts"}],"about":[{"href":"https:\/\/sintema.org.br\/sintema\/wp-json\/wp\/v2\/types\/post"}],"author":[{"embeddable":true,"href":"https:\/\/sintema.org.br\/sintema\/wp-json\/wp\/v2\/users\/2"}],"replies":[{"embeddable":true,"href":"https:\/\/sintema.org.br\/sintema\/wp-json\/wp\/v2\/comments?post=5472"}],"version-history":[{"count":2,"href":"https:\/\/sintema.org.br\/sintema\/wp-json\/wp\/v2\/posts\/5472\/revisions"}],"predecessor-version":[{"id":5475,"href":"https:\/\/sintema.org.br\/sintema\/wp-json\/wp\/v2\/posts\/5472\/revisions\/5475"}],"wp:attachment":[{"href":"https:\/\/sintema.org.br\/sintema\/wp-json\/wp\/v2\/media?parent=5472"}],"wp:term":[{"taxonomy":"category","embeddable":true,"href":"https:\/\/sintema.org.br\/sintema\/wp-json\/wp\/v2\/categories?post=5472"},{"taxonomy":"post_tag","embeddable":true,"href":"https:\/\/sintema.org.br\/sintema\/wp-json\/wp\/v2\/tags?post=5472"}],"curies":[{"name":"wp","href":"https:\/\/api.w.org\/{rel}","templated":true}]}}