{"id":5480,"date":"2014-12-08T00:12:34","date_gmt":"2014-12-08T00:12:34","guid":{"rendered":"http:\/\/sintema.org.br\/sintema\/?p=5480"},"modified":"2014-12-08T00:14:03","modified_gmt":"2014-12-08T00:14:03","slug":"plenaria-foi-reaberta-neste-sabado-6-com-a-realizacao-de-painel-sobre-organizacao-sindical","status":"publish","type":"post","link":"https:\/\/sintema.org.br\/sintema\/plenaria-foi-reaberta-neste-sabado-6-com-a-realizacao-de-painel-sobre-organizacao-sindical\/","title":{"rendered":"Plen\u00e1ria foi reaberta neste s\u00e1bado (6) com a realiza\u00e7\u00e3o de Painel sobre Organiza\u00e7\u00e3o Sindical"},"content":{"rendered":"<p><a href=\"http:\/\/sintema.org.br\/sintema\/wp-content\/uploads\/2014\/12\/plndez20141.jpg\"><img loading=\"lazy\" class=\"alignnone  wp-image-5481\" alt=\"plndez20141\" src=\"http:\/\/sintema.org.br\/sintema\/wp-content\/uploads\/2014\/12\/plndez20141.jpg\" width=\"432\" height=\"286\" srcset=\"https:\/\/sintema.org.br\/sintema\/wp-content\/uploads\/2014\/12\/plndez20141.jpg 800w, https:\/\/sintema.org.br\/sintema\/wp-content\/uploads\/2014\/12\/plndez20141-300x198.jpg 300w\" sizes=\"(max-width: 432px) 100vw, 432px\" \/><\/a><\/p>\n<p>A Coordena\u00e7\u00e3o Geral da FASUBRA Sindical reabriu as atividades da Plen\u00e1ria Nacional Estatut\u00e1ria neste s\u00e1bado (6) e repassou os trabalhos para a coordena\u00e7\u00e3o de Organiza\u00e7\u00e3o sindical, que ficou respons\u00e1vel pelo Painel Organiza\u00e7\u00e3o Sindical no \u00c2mbito dos Servidores P\u00fablicos. Foi realizada apresenta\u00e7\u00e3o pela assessora da Secretaria de Rela\u00e7\u00f5es do Trabalho do Minist\u00e9rio do Trabalho (SRT\/MTE), Rita Pinheiro, que estava representando o secret\u00e1rio de Rela\u00e7\u00f5es do Trabalho, Manoel Messias.<\/p>\n<p>Ela fez uma explana\u00e7\u00e3o sobre a condu\u00e7\u00e3o dos trabalhos, projetos, portaria, denomina\u00e7\u00e3o do que \u00e9 a categoria dos servidores p\u00fablicos, financiamento das organiza\u00e7\u00f5es sindicais que atuam no setor, representatividade e negocia\u00e7\u00e3o coletiva no servi\u00e7o p\u00fablico. Tamb\u00e9m fizeram apresenta\u00e7\u00e3o sobre o tema a CTB, Intersindical, Unidos, PSLivre, Vamos \u00e0 Luta, Base, Ressignificar\/CSD,\u00a0 Tribo e Unidade Classista.<\/p>\n<p>A representante do MTE afirmou que foi solicitado pela Presid\u00eancia da Rep\u00fablica ao Minist\u00e9rio um parecer sobre o PLP 327\/14 que trata sobre a quest\u00e3o do direito de greve. O MTE deu parecer contr\u00e1rio ao projeto, por entender que n\u00e3o existe restri\u00e7\u00e3o de greve. O parecer do Minist\u00e9rio vai ser encaminhado \u00e0 Casa Civil. Para a Coordena\u00e7\u00e3o de Organiza\u00e7\u00e3o Sindical da FASUBRA, a informa\u00e7\u00e3o \u00e9 importante porque serve de argumento para a entidade utilizar, j\u00e1 que projeto de Lei \u00e9 compreendido pela FASUBRA como restritor de direitos e n\u00e3o como ferramenta para regulamentar a greve no servi\u00e7o p\u00fablico federal.<\/p>\n<p><b><i>Conjuntura<\/i><\/b><\/p>\n<p>O debate de conjuntura ocupou toda a tarde do s\u00e1bado, quando os 164 delegados puderam ouvir o posicionamento uns dos outros sobre o cen\u00e1rio pol\u00edtico e socioecon\u00f4mico do pa\u00eds. Logo no in\u00edcio da avalia\u00e7\u00e3o, integrantes da Dire\u00e7\u00e3o Nacional defenderam a unidade da categoria para realizar o enfrentamento das a\u00e7\u00f5es que visem \u00e0 retirada de direitos dos trabalhadores. Em seguida os delegados iniciaram suas an\u00e1lises da situa\u00e7\u00e3o dos TAEs enquanto atores no processo de mudan\u00e7a da realidade social do pa\u00eds e de melhoria da condi\u00e7\u00f5es de vida da categoria.<\/p>\n<p>&nbsp;<\/p>\n<p>Fonte: Fasubra.<\/p>\n<p>&nbsp;<\/p>\n","protected":false},"excerpt":{"rendered":"<p>A Coordena\u00e7\u00e3o Geral da FASUBRA Sindical reabriu as atividades da Plen\u00e1ria Nacional Estatut\u00e1ria neste s\u00e1bado (6) e repassou os trabalhos para a coordena\u00e7\u00e3o de Organiza\u00e7\u00e3o sindical, que ficou respons\u00e1vel pelo Painel Organiza\u00e7\u00e3o Sindical no \u00c2mbito dos Servidores P\u00fablicos. Foi realizada apresenta\u00e7\u00e3o pela assessora da Secretaria de Rela\u00e7\u00f5es do Trabalho do Minist\u00e9rio do Trabalho (SRT\/MTE), Rita [&hellip;]<\/p>\n","protected":false},"author":2,"featured_media":0,"comment_status":"open","ping_status":"open","sticky":false,"template":"","format":"standard","meta":[],"categories":[5,18],"tags":[],"_links":{"self":[{"href":"https:\/\/sintema.org.br\/sintema\/wp-json\/wp\/v2\/posts\/5480"}],"collection":[{"href":"https:\/\/sintema.org.br\/sintema\/wp-json\/wp\/v2\/posts"}],"about":[{"href":"https:\/\/sintema.org.br\/sintema\/wp-json\/wp\/v2\/types\/post"}],"author":[{"embeddable":true,"href":"https:\/\/sintema.org.br\/sintema\/wp-json\/wp\/v2\/users\/2"}],"replies":[{"embeddable":true,"href":"https:\/\/sintema.org.br\/sintema\/wp-json\/wp\/v2\/comments?post=5480"}],"version-history":[{"count":2,"href":"https:\/\/sintema.org.br\/sintema\/wp-json\/wp\/v2\/posts\/5480\/revisions"}],"predecessor-version":[{"id":5483,"href":"https:\/\/sintema.org.br\/sintema\/wp-json\/wp\/v2\/posts\/5480\/revisions\/5483"}],"wp:attachment":[{"href":"https:\/\/sintema.org.br\/sintema\/wp-json\/wp\/v2\/media?parent=5480"}],"wp:term":[{"taxonomy":"category","embeddable":true,"href":"https:\/\/sintema.org.br\/sintema\/wp-json\/wp\/v2\/categories?post=5480"},{"taxonomy":"post_tag","embeddable":true,"href":"https:\/\/sintema.org.br\/sintema\/wp-json\/wp\/v2\/tags?post=5480"}],"curies":[{"name":"wp","href":"https:\/\/api.w.org\/{rel}","templated":true}]}}