{"id":5489,"date":"2014-12-10T14:41:22","date_gmt":"2014-12-10T14:41:22","guid":{"rendered":"http:\/\/sintema.org.br\/sintema\/?p=5489"},"modified":"2014-12-10T14:41:22","modified_gmt":"2014-12-10T14:41:22","slug":"plenaria-aprova-plano-de-lutas-para-2015-define-o-regimento-do-xxii-confasubra-analisa-e-aprova-as-contas-da-fasubra-e-elege-o-conselho-fiscal","status":"publish","type":"post","link":"https:\/\/sintema.org.br\/sintema\/plenaria-aprova-plano-de-lutas-para-2015-define-o-regimento-do-xxii-confasubra-analisa-e-aprova-as-contas-da-fasubra-e-elege-o-conselho-fiscal\/","title":{"rendered":"Plen\u00e1ria aprova Plano de Lutas para 2015, define o Regimento do XXII CONFASUBRA, analisa e aprova as contas da Fasubra e elege o Conselho Fiscal"},"content":{"rendered":"<p><a href=\"http:\/\/sintema.org.br\/sintema\/wp-content\/uploads\/2014\/12\/pnedez2014dois1.jpg\"><img loading=\"lazy\" class=\"alignnone  wp-image-5490\" alt=\"pnedez2014dois1\" src=\"http:\/\/sintema.org.br\/sintema\/wp-content\/uploads\/2014\/12\/pnedez2014dois1.jpg\" width=\"480\" height=\"318\" srcset=\"https:\/\/sintema.org.br\/sintema\/wp-content\/uploads\/2014\/12\/pnedez2014dois1.jpg 800w, https:\/\/sintema.org.br\/sintema\/wp-content\/uploads\/2014\/12\/pnedez2014dois1-300x198.jpg 300w\" sizes=\"(max-width: 480px) 100vw, 480px\" \/><\/a><\/p>\n<p>A Plen\u00e1ria Nacional Estatut\u00e1ria da FASUBRA Sindical foi conclu\u00edda no domingo (7) com os 164 delegados e delegadas presentes tendo definido o Plano de Lutas para a categoria para 2015, aprovado o Regimento do XXII CONFASUBRA e a presta\u00e7\u00e3o de contas referentes ao ano de 2013 e de janeiro a setembro de 2014. Tamb\u00e9m foram eleitos e empossados os novos membros do Conselho Fiscal. \u00a0As delegadas e delegados prestaram homenagens \u00e0s mem\u00f3rias do ex-diretor da Federa\u00e7\u00e3o, Umberto Bastos, da UFBA, e de Regina C\u00e9lia Leal, da USP \u2013 Ribeir\u00e3o Preto.<\/p>\n<p>Da avalia\u00e7\u00e3o de conjuntura ocorrida no dia 06 foi apurado um elenco de propostas que foram agrupadas por blocos tem\u00e1ticos. Parte destas propostas aprovadas pelos(as) delegados(as) apontam para a realiza\u00e7\u00e3o de a\u00e7\u00f5es conjuntas com outros segmentos de trabalhadores do servi\u00e7o p\u00fablico.<\/p>\n<p>Dentre as demais proposi\u00e7\u00f5es aprovadas destacamos, atos e outras manifesta\u00e7\u00f5es dos TAE, a luta contra a EBSERH, o aprimoramento da carreira (step e n\u00edveis de capacita\u00e7\u00e3o), constru\u00e7\u00e3o de \u00edndice de reposi\u00e7\u00e3o salarial, ponto eletr\u00f4nico, implementa\u00e7\u00e3o das 30 horas &#8211; sem redu\u00e7\u00e3o de sal\u00e1rio -, ascen\u00e7\u00e3o funcional, manuten\u00e7\u00e3o da paridade (ativos, pensionistas e aposentados), defini\u00e7\u00e3o de pol\u00edtica salarial e data base, regulamenta\u00e7\u00e3o da negocia\u00e7\u00e3o coletiva, reestrutura\u00e7\u00e3o da carreira, envio da pauta de reivindica\u00e7\u00f5es para o Governo Federal (Presid\u00eancia da Rep\u00fablica) e Congresso Nacional, eleva\u00e7\u00e3o dos valores dos benef\u00edcios e rejei\u00e7\u00e3o de pautas que tramitem no Congresso Nacional para reduzir direitos dos trabalhadores.<\/p>\n<p>O Plano de Lutas aprovado aponta um calend\u00e1rio de atividades para o in\u00edcio de 2015, que prev\u00ea:<\/p>\n<p><em>Janeiro e Fevereiro<\/em><\/p>\n<p>31\/01 e 01\/02 &#8211; Participa\u00e7\u00e3o na Plen\u00e1ria dos Servidores P\u00fablicos Federais;<\/p>\n<p>02\/02 \u2013 Ato no Congresso Nacional<\/p>\n<p><em>Mar\u00e7o<\/em><\/p>\n<p>03 \u2013 Dia Nacional de Paralisa\u00e7\u00e3o nas Universidades<\/p>\n<p>06 \u2013 Ato contra a EBSERH no Rio de Janeiro<\/p>\n<p>07 e 08 \u2013 Plen\u00e1ria no Rio de Janeiro<\/p>\n<p><a href=\"http:\/\/sintema.org.br\/sintema\/wp-content\/uploads\/2014\/12\/pnedez2014um1.jpg\"><img loading=\"lazy\" class=\"alignnone  wp-image-5492\" alt=\"pnedez2014um1\" src=\"http:\/\/sintema.org.br\/sintema\/wp-content\/uploads\/2014\/12\/pnedez2014um1.jpg\" width=\"384\" height=\"254\" srcset=\"https:\/\/sintema.org.br\/sintema\/wp-content\/uploads\/2014\/12\/pnedez2014um1.jpg 800w, https:\/\/sintema.org.br\/sintema\/wp-content\/uploads\/2014\/12\/pnedez2014um1-300x198.jpg 300w\" sizes=\"(max-width: 384px) 100vw, 384px\" \/><\/a><\/p>\n<p><em><strong>Regimento Interno do XXII CONFASUBRA<\/strong><\/em><\/p>\n<p>Acerca do Regimento Interno do XXII Congresso da FASUBRA Sindical, a Plen\u00e1ria aprovou, com ajustes, o documento elaborado pela Dire\u00e7\u00e3o Nacional e enviado anteriormente para discuss\u00e3o e aprova\u00e7\u00e3o nas assembleias de base. O regimento tra\u00e7a as regras do evento, que ser\u00e1 realizado em Po\u00e7os de Caldas. O per\u00edodo de realiza\u00e7\u00e3o do Congresso da FASUBRA ser\u00e1 de 04 a 08 de maio 2015.<\/p>\n<p><em><strong>Elei\u00e7\u00e3o do Conselho Fiscal<\/strong><\/em><\/p>\n<p>Os trabalhos para a elei\u00e7\u00e3o do Conselho Fiscal tiveram in\u00edcio na sexta-feira (6) com a indica\u00e7\u00e3o da Comiss\u00e3o Eleitoral, formada por Maria Tereza Fugi (UFPel), Cl\u00e1udio Bezerra (UFMA), Jupiara Castro (USP), Gerly Lucy Miceli (UFRJ) e Marcelino Rodrigues da Silva (UFPB). Quatro chapas foram formadas. A Chapa 1 pela CTB, a Chapa 2 foi constru\u00edda por pessoas dos grupos Unidos para Lutar e PSLivre, a terceira contou com integrantes dos coletivos Tribo e Independentes Cutistas, e a Chapa 4 foi formada pelos coletivos Vamos \u00e0 Luta e Base.<\/p>\n<p>As vota\u00e7\u00f5es come\u00e7aram na manh\u00e3 de domingo, com a disponibiliza\u00e7\u00e3o de duas urnas para o col\u00e9gio eleitoral, e foram encerradas \u00e0s 15h. Ap\u00f3s a apura\u00e7\u00e3o foram eleitos como titulares Ademar Sena de Carvalho, Mauro Mendes, Jos\u00e9 Valdevino Neto, Ana Paula Azevedo e Mozart Rob\u00e9rio Siqueira. Para suplentes Marcelo Pereira Ramos, Joge Luiz Ranieri, Rosangela M\u00e1rcia Frizzero, Leonir Tunala Resende e Manoel Eufrasino Pereira Filho.<\/p>\n<p><strong><em>Recomposi\u00e7\u00e3o e Prorroga\u00e7\u00e3o do Mandato da Dire\u00e7\u00e3o Nacional<\/em><\/strong><\/p>\n<p>Por fatores pessoais ou impedimentos outros, alguns diretores eleitos no XXII CONFASUBRA n\u00e3o puderam manter suas atividades na Federa\u00e7\u00e3o. Para cumprir determina\u00e7\u00e3o estatut\u00e1ria, os delegados referendaram as substitui\u00e7\u00f5es. Assim, Marilda Nogueira substitui Raimundo Uch\u00f4a na Coordena\u00e7\u00e3o de Organiza\u00e7\u00e3o Sindical; Rildo Concei\u00e7\u00e3o e Edson Lima substituem, respectivamente, Ronaldo Esmeraldo e Sandro Pimentel na Coordena\u00e7\u00e3o de Forma\u00e7\u00e3o e Comunica\u00e7\u00e3o Sindical; e S\u00f4nia Baldez ocupa a vaga de T\u00e2nia Flores da Coordena\u00e7\u00e3o de Ra\u00e7a e Etnia. Tamb\u00e9m foi aprovada pela Plen\u00e1ria a prorroga\u00e7\u00e3o do mandato da atual Diretoria at\u00e9 o dia 11\/05\/2015.<\/p>\n<p><strong><em>Relat\u00f3rios da Presta\u00e7\u00e3o de Contas da FASUBRA<\/em><\/strong><\/p>\n<p>A Plen\u00e1ria Nacional Estatut\u00e1ria da FASUBRA Sindical apreciou ainda os relat\u00f3rios de Presta\u00e7\u00e3o de Contas da Federa\u00e7\u00e3o, referentes aos exerc\u00edcios financeiros de 2013 e de janeiro a setembro de 2014. O Conselho Fiscal aprovou as presta\u00e7\u00f5es de contas e a plen\u00e1ria ratificou.<\/p>\n<p><strong><em>Filia\u00e7\u00f5es<\/em><\/strong><\/p>\n<p>A entidade SINTEF (UFGD), que representa os trabalhadores da Universidade Federal da Grande Dourados (MS) obteve seu pedido de filia\u00e7\u00e3o \u00e0 FASUBRA Sindical homologado pela Plen\u00e1ria.<\/p>\n<p><em>______________________________________________________________________________________________________<\/em><\/p>\n<p><strong><em>Fonte: www.fasubra.org.br<\/em><\/strong><\/p>\n<p><strong><em>Texto: ASCOM FASUBRA Sindical<\/em><\/strong><\/p>\n","protected":false},"excerpt":{"rendered":"<p>A Plen\u00e1ria Nacional Estatut\u00e1ria da FASUBRA Sindical foi conclu\u00edda no domingo (7) com os 164 delegados e delegadas presentes tendo definido o Plano de Lutas para a categoria para 2015, aprovado o Regimento do XXII CONFASUBRA e a presta\u00e7\u00e3o de contas referentes ao ano de 2013 e de janeiro a setembro de 2014. Tamb\u00e9m foram [&hellip;]<\/p>\n","protected":false},"author":2,"featured_media":0,"comment_status":"open","ping_status":"open","sticky":false,"template":"","format":"standard","meta":[],"categories":[5,18],"tags":[],"_links":{"self":[{"href":"https:\/\/sintema.org.br\/sintema\/wp-json\/wp\/v2\/posts\/5489"}],"collection":[{"href":"https:\/\/sintema.org.br\/sintema\/wp-json\/wp\/v2\/posts"}],"about":[{"href":"https:\/\/sintema.org.br\/sintema\/wp-json\/wp\/v2\/types\/post"}],"author":[{"embeddable":true,"href":"https:\/\/sintema.org.br\/sintema\/wp-json\/wp\/v2\/users\/2"}],"replies":[{"embeddable":true,"href":"https:\/\/sintema.org.br\/sintema\/wp-json\/wp\/v2\/comments?post=5489"}],"version-history":[{"count":1,"href":"https:\/\/sintema.org.br\/sintema\/wp-json\/wp\/v2\/posts\/5489\/revisions"}],"predecessor-version":[{"id":5493,"href":"https:\/\/sintema.org.br\/sintema\/wp-json\/wp\/v2\/posts\/5489\/revisions\/5493"}],"wp:attachment":[{"href":"https:\/\/sintema.org.br\/sintema\/wp-json\/wp\/v2\/media?parent=5489"}],"wp:term":[{"taxonomy":"category","embeddable":true,"href":"https:\/\/sintema.org.br\/sintema\/wp-json\/wp\/v2\/categories?post=5489"},{"taxonomy":"post_tag","embeddable":true,"href":"https:\/\/sintema.org.br\/sintema\/wp-json\/wp\/v2\/tags?post=5489"}],"curies":[{"name":"wp","href":"https:\/\/api.w.org\/{rel}","templated":true}]}}