{"id":5494,"date":"2014-12-11T12:36:16","date_gmt":"2014-12-11T12:36:16","guid":{"rendered":"http:\/\/sintema.org.br\/sintema\/?p=5494"},"modified":"2014-12-11T12:36:16","modified_gmt":"2014-12-11T12:36:16","slug":"aprovada-em-1o-turno-aposentadoria-integral-de-servidor-por-invalidez","status":"publish","type":"post","link":"https:\/\/sintema.org.br\/sintema\/aprovada-em-1o-turno-aposentadoria-integral-de-servidor-por-invalidez\/","title":{"rendered":"Aprovada em 1\u00ba turno aposentadoria integral de servidor por invalidez"},"content":{"rendered":"<h2><strong>Benef\u00edcio valer\u00e1 para servidor p\u00fablico que se aposentar por invalidez gerada por qualquer motivo, como acidente dom\u00e9stico. Atualmente, o valor integral s\u00f3 \u00e9 pago em caso de invalidez por acidente em servi\u00e7o, mol\u00e9stia profissional ou doen\u00e7a grave prevista em lei.<\/strong><\/h2>\n<p><a href=\"http:\/\/sintema.org.br\/sintema\/wp-content\/uploads\/2014\/12\/imagem_materia72152.jpg\"><img loading=\"lazy\" class=\"alignnone  wp-image-5495\" alt=\"imagem_materia72152\" src=\"http:\/\/sintema.org.br\/sintema\/wp-content\/uploads\/2014\/12\/imagem_materia72152.jpg\" width=\"378\" height=\"266\" srcset=\"https:\/\/sintema.org.br\/sintema\/wp-content\/uploads\/2014\/12\/imagem_materia72152.jpg 472w, https:\/\/sintema.org.br\/sintema\/wp-content\/uploads\/2014\/12\/imagem_materia72152-300x211.jpg 300w\" sizes=\"(max-width: 378px) 100vw, 378px\" \/><\/a><\/p>\n<p>O Plen\u00e1rio da C\u00e2mara dos Deputados aprovou nesta quarta-feira, em primeiro turno, a Proposta de Emenda \u00e0 Constitui\u00e7\u00e3o (PEC) 434\/14, que garante aposentadoria integral ao servidor p\u00fablico que se aposentar por invalidez, independentemente do motivo. De autoria da deputada Andreia Zito (PSDB-RJ), a PEC foi aprovada por unanimidade (369 votos).<\/p>\n<p>A mat\u00e9ria precisa ser votada ainda em segundo turno, o que poder\u00e1 ocorrer na pr\u00f3xima semana.<\/p>\n<p>A nova regra valer\u00e1 para os servidores civis da Uni\u00e3o, dos estados, do Distrito Federal e dos munic\u00edpios. A partir da publica\u00e7\u00e3o da futura emenda constitucional, a invalidez gerada por acidentes dom\u00e9sticos, por exemplo, permitir\u00e1 ao servidor se aposentar com proventos integrais, calculados na forma da lei, em vez de proporcionalmente ao tempo de contribui\u00e7\u00e3o.<\/p>\n<p>Assim, um servidor rec\u00e9m-ingresso que se aposentar por invalidez ter\u00e1 como base a remunera\u00e7\u00e3o atual, em vez da propor\u00e7\u00e3o das contribui\u00e7\u00f5es feitas \u00e0 Previd\u00eancia Social, seja o INSS ou o regime pr\u00f3prio.<\/p>\n<p><strong>Lista restrita<\/strong><br \/>\nAtualmente, a Constitui\u00e7\u00e3o prev\u00ea proporcionalidade ao tempo de contribui\u00e7\u00e3o na aposentadoria por invalidez em todos os casos, exceto no acidente em servi\u00e7o, mol\u00e9stia profissional ou doen\u00e7a grave, contagiosa ou incur\u00e1vel prevista em lei, como hansen\u00edase, paralisia irrevers\u00edvel e mal de Parkinson.<\/p>\n<p>O texto da PEC foi negociado pelos partidos com o governo, que queria evitar a interpreta\u00e7\u00e3o da possibilidade de pagamento retroativo. Assim, o Plen\u00e1rio votou a PEC 434, em vez do substitutivo da comiss\u00e3o especial para a PEC <a href=\"http:\/\/www2.camara.leg.br\/camaranoticias\/noticias\/TRABALHO-E-PREVIDENCIA\/467977-COMISSAO-APROVA-APOSENTADORIA-INTEGRAL-POR-INVALIDEZ-PARA-SERVIDOR-PUBLICO.html\" target=\"_blank\">170\/12<\/a>, da mesma autora.<\/p>\n<p>Para Andreia Zito, a vota\u00e7\u00e3o representa uma justi\u00e7a aos atuais aposentados que tiveram seus proventos diminu\u00eddos. \u201cEstamos fazendo justi\u00e7a a esses aposentados por invalidez, que precisam dessa medida\u201d, afirmou. Ela agradeceu ao presidente da C\u00e2mara, Henrique Eduardo Alves, pelo empenho em pautar a mat\u00e9ria e tamb\u00e9m a todos os deputados que participaram da negocia\u00e7\u00e3o.<\/p>\n<p>Entretanto, segundo o deputado Arnaldo Faria de S\u00e1 (PTB-SP), o texto n\u00e3o est\u00e1 totalmente claro. \u201cEssa reda\u00e7\u00e3o n\u00e3o garante expressamente os proventos integrais. \u00c9 um avan\u00e7o, mas n\u00e3o \u00e9 o ideal. Deveria estar expresso \u2018aposentadoria por invalidez com proventos integrais\u2019 e o texto remete \u00e0 lei\u201d, interpretou o parlamentar.<\/p>\n<p><strong>Forma da lei<\/strong><br \/>\nOs efeitos financeiros ficaram limitados \u00e0 data de promulga\u00e7\u00e3o da emenda, evitando o pagamento de retroativos, mas o c\u00e1lculo da integralidade dever\u00e1 ser feito com base na remunera\u00e7\u00e3o do cargo efetivo em que se der a aposentadoria, na forma da lei, j\u00e1 que as sucessivas mudan\u00e7as na Constitui\u00e7\u00e3o criaram regimes de transi\u00e7\u00e3o, dependendo da data em que o aposentado entrou no servi\u00e7o p\u00fablico.<\/p>\n<p>A Lei 10.887\/04 regulamenta as mudan\u00e7as feitas a partir da Emenda Constitucional 41, de 2003, e prev\u00ea que, para as aposentadorias ocorridas a partir de junho de 2004, o c\u00e1lculo desse sal\u00e1rio integral ser\u00e1 feito com base na m\u00e9dia aritm\u00e9tica simples das maiores remunera\u00e7\u00f5es, utilizadas como base para as contribui\u00e7\u00f5es do servidor aos regimes de previd\u00eancia.<\/p>\n<p>Devem ser consideradas as remunera\u00e7\u00f5es de 80% de todo o per\u00edodo contributivo desde julho de 1994 ou desde seu in\u00edcio, se posterior a essa data. A corre\u00e7\u00e3o dessas remunera\u00e7\u00f5es ocorre por meio do \u00edndice usado pelo Instituto Nacional do Seguro Social (INSS) para reajustar as aposentadorias maiores que um sal\u00e1rio m\u00ednimo. Esse \u00edndice \u00e9 o mesmo usado para corrigir as aposentadorias do setor p\u00fablico concedidas a partir dessa lei.<\/p>\n<p><strong>Dezembro de 2003<\/strong><br \/>\nNo caso dos servidores que ingressaram no servi\u00e7o p\u00fablico at\u00e9 31 de dezembro de 2003 e j\u00e1 se aposentaram por invalidez permanente ou venham a se aposentar por esse motivo, a proposta garante proventos integrais sem a m\u00e9dia.<\/p>\n<p>Quanto ao reajuste, os proventos e as pens\u00f5es ser\u00e3o corrigidos pelo mesmo \u00edndice usado para aumentar a remunera\u00e7\u00e3o do cargo no qual se deu a aposentadoria.<\/p>\n<p>Para os que ingressaram at\u00e9 essa data e j\u00e1 se aposentaram por invalidez, a Uni\u00e3o, os estados, o Distrito Federal e os munic\u00edpios, assim como suas autarquias e funda\u00e7\u00f5es, dever\u00e3o rever os proventos e pens\u00f5es em at\u00e9 180 dias da vig\u00eancia da emenda constitucional.<\/p>\n<p>Essas regras n\u00e3o ser\u00e3o aplicadas aos servidores que ingressaram at\u00e9 31 de dezembro de 2003 e que tenham optado por participar de fundo complementar de aposentadoria, como o Funpresp, no \u00e2mbito federal. Isso porque, ao aderir ao fundo, o servidor abre m\u00e3o de receber aposentadoria pelo regime de transi\u00e7\u00e3o em troca de incid\u00eancia menor de contribui\u00e7\u00e3o para a Previd\u00eancia.<\/p>\n<p><strong>Fontana<\/strong><br \/>\nO l\u00edder do governo, deputado Henrique Fontana (PT-RS), destacou que a nova regra traz justi\u00e7a e equilibra o benef\u00edcio sem questionamentos. \u201cQualquer servidor p\u00fablico de qualquer poder ou esfera que enfrentar a dificuldade de uma aposentadoria precoce por invalidez ter\u00e1 o mesmo sal\u00e1rio que teria se cumprisse o per\u00edodo completo para se aposentar\u201d, afirmou.<\/p>\n<p><strong>Fonte: www.camara.gov.br<\/strong><\/p>\n","protected":false},"excerpt":{"rendered":"<p>Benef\u00edcio valer\u00e1 para servidor p\u00fablico que se aposentar por invalidez gerada por qualquer motivo, como acidente dom\u00e9stico. Atualmente, o valor integral s\u00f3 \u00e9 pago em caso de invalidez por acidente em servi\u00e7o, mol\u00e9stia profissional ou doen\u00e7a grave prevista em lei. O Plen\u00e1rio da C\u00e2mara dos Deputados aprovou nesta quarta-feira, em primeiro turno, a Proposta de [&hellip;]<\/p>\n","protected":false},"author":2,"featured_media":0,"comment_status":"open","ping_status":"open","sticky":false,"template":"","format":"standard","meta":[],"categories":[12,5,18],"tags":[],"_links":{"self":[{"href":"https:\/\/sintema.org.br\/sintema\/wp-json\/wp\/v2\/posts\/5494"}],"collection":[{"href":"https:\/\/sintema.org.br\/sintema\/wp-json\/wp\/v2\/posts"}],"about":[{"href":"https:\/\/sintema.org.br\/sintema\/wp-json\/wp\/v2\/types\/post"}],"author":[{"embeddable":true,"href":"https:\/\/sintema.org.br\/sintema\/wp-json\/wp\/v2\/users\/2"}],"replies":[{"embeddable":true,"href":"https:\/\/sintema.org.br\/sintema\/wp-json\/wp\/v2\/comments?post=5494"}],"version-history":[{"count":1,"href":"https:\/\/sintema.org.br\/sintema\/wp-json\/wp\/v2\/posts\/5494\/revisions"}],"predecessor-version":[{"id":5496,"href":"https:\/\/sintema.org.br\/sintema\/wp-json\/wp\/v2\/posts\/5494\/revisions\/5496"}],"wp:attachment":[{"href":"https:\/\/sintema.org.br\/sintema\/wp-json\/wp\/v2\/media?parent=5494"}],"wp:term":[{"taxonomy":"category","embeddable":true,"href":"https:\/\/sintema.org.br\/sintema\/wp-json\/wp\/v2\/categories?post=5494"},{"taxonomy":"post_tag","embeddable":true,"href":"https:\/\/sintema.org.br\/sintema\/wp-json\/wp\/v2\/tags?post=5494"}],"curies":[{"name":"wp","href":"https:\/\/api.w.org\/{rel}","templated":true}]}}