{"id":5500,"date":"2014-12-11T16:53:54","date_gmt":"2014-12-11T16:53:54","guid":{"rendered":"http:\/\/sintema.org.br\/sintema\/?p=5500"},"modified":"2014-12-11T17:00:53","modified_gmt":"2014-12-11T17:00:53","slug":"advogado-glaydson-rodrigues-e-o-mais-novo-assessor-juridico-do-sintema","status":"publish","type":"post","link":"https:\/\/sintema.org.br\/sintema\/advogado-glaydson-rodrigues-e-o-mais-novo-assessor-juridico-do-sintema\/","title":{"rendered":"Advogado Glaydson Rodrigues \u00e9 o mais novo assessor jur\u00eddico do SINTEMA"},"content":{"rendered":"<p>A Dire\u00e7\u00e3o do Sintema, gest\u00e3o Unidade &amp; Trabalho, informa aos associados que com o afastamento do advogado Davi Telles, indicado pelo governador eleito, Fl\u00e1vio Dino, para dirigir a Companhia de \u00c1guas e Esgotos do Maranh\u00e3o &#8211; CAEMA, o escrit\u00f3rio Macieira, Nunes e Zagallo que presta assessoria jur\u00eddica ao Sindicato designou novo advogado para acompanhar de perto as demandas da Entidade.<\/p>\n<p><a href=\"http:\/\/sintema.org.br\/sintema\/wp-content\/uploads\/2014\/12\/advogado.jpg\"><img loading=\"lazy\" class=\"alignnone  wp-image-5502\" alt=\"advogado\" src=\"http:\/\/sintema.org.br\/sintema\/wp-content\/uploads\/2014\/12\/advogado.jpg\" width=\"447\" height=\"346\" srcset=\"https:\/\/sintema.org.br\/sintema\/wp-content\/uploads\/2014\/12\/advogado.jpg 931w, https:\/\/sintema.org.br\/sintema\/wp-content\/uploads\/2014\/12\/advogado-300x232.jpg 300w\" sizes=\"(max-width: 447px) 100vw, 447px\" \/><\/a><\/p>\n<p>Dr. Glaydson Rodrigues j\u00e1 atua nos plant\u00f5es jur\u00eddicos na Sede do Sintema. Hoje durante o per\u00edodo matutino esteve atendendo os s\u00f3cios presentes.<\/p>\n<p>&nbsp;<\/p>\n","protected":false},"excerpt":{"rendered":"<p>A Dire\u00e7\u00e3o do Sintema, gest\u00e3o Unidade &amp; Trabalho, informa aos associados que com o afastamento do advogado Davi Telles, indicado pelo governador eleito, Fl\u00e1vio Dino, para dirigir a Companhia de \u00c1guas e Esgotos do Maranh\u00e3o &#8211; CAEMA, o escrit\u00f3rio Macieira, Nunes e Zagallo que presta assessoria jur\u00eddica ao Sindicato designou novo advogado para acompanhar de [&hellip;]<\/p>\n","protected":false},"author":2,"featured_media":0,"comment_status":"open","ping_status":"open","sticky":false,"template":"","format":"standard","meta":[],"categories":[27,5],"tags":[],"_links":{"self":[{"href":"https:\/\/sintema.org.br\/sintema\/wp-json\/wp\/v2\/posts\/5500"}],"collection":[{"href":"https:\/\/sintema.org.br\/sintema\/wp-json\/wp\/v2\/posts"}],"about":[{"href":"https:\/\/sintema.org.br\/sintema\/wp-json\/wp\/v2\/types\/post"}],"author":[{"embeddable":true,"href":"https:\/\/sintema.org.br\/sintema\/wp-json\/wp\/v2\/users\/2"}],"replies":[{"embeddable":true,"href":"https:\/\/sintema.org.br\/sintema\/wp-json\/wp\/v2\/comments?post=5500"}],"version-history":[{"count":3,"href":"https:\/\/sintema.org.br\/sintema\/wp-json\/wp\/v2\/posts\/5500\/revisions"}],"predecessor-version":[{"id":5504,"href":"https:\/\/sintema.org.br\/sintema\/wp-json\/wp\/v2\/posts\/5500\/revisions\/5504"}],"wp:attachment":[{"href":"https:\/\/sintema.org.br\/sintema\/wp-json\/wp\/v2\/media?parent=5500"}],"wp:term":[{"taxonomy":"category","embeddable":true,"href":"https:\/\/sintema.org.br\/sintema\/wp-json\/wp\/v2\/categories?post=5500"},{"taxonomy":"post_tag","embeddable":true,"href":"https:\/\/sintema.org.br\/sintema\/wp-json\/wp\/v2\/tags?post=5500"}],"curies":[{"name":"wp","href":"https:\/\/api.w.org\/{rel}","templated":true}]}}