{"id":5506,"date":"2014-12-16T14:23:08","date_gmt":"2014-12-16T14:23:08","guid":{"rendered":"http:\/\/sintema.org.br\/sintema\/?p=5506"},"modified":"2014-12-16T14:23:22","modified_gmt":"2014-12-16T14:23:22","slug":"fasubra-tambem-esta-na-campanha-pela-cassacao-e-prisao-do-deputado-jair-bolsonaro","status":"publish","type":"post","link":"https:\/\/sintema.org.br\/sintema\/fasubra-tambem-esta-na-campanha-pela-cassacao-e-prisao-do-deputado-jair-bolsonaro\/","title":{"rendered":"FASUBRA tamb\u00e9m est\u00e1 na campanha pela cassa\u00e7\u00e3o e pris\u00e3o do Deputado Jair Bolsonaro"},"content":{"rendered":"<p>&nbsp;<\/p>\n<p><a href=\"http:\/\/sintema.org.br\/sintema\/wp-content\/uploads\/2014\/12\/BOLSONARO151220141.jpg\"><img loading=\"lazy\" class=\"alignnone  wp-image-5507\" alt=\"BOLSONARO151220141\" src=\"http:\/\/sintema.org.br\/sintema\/wp-content\/uploads\/2014\/12\/BOLSONARO151220141.jpg\" width=\"480\" height=\"338\" srcset=\"https:\/\/sintema.org.br\/sintema\/wp-content\/uploads\/2014\/12\/BOLSONARO151220141.jpg 800w, https:\/\/sintema.org.br\/sintema\/wp-content\/uploads\/2014\/12\/BOLSONARO151220141-300x211.jpg 300w\" sizes=\"(max-width: 480px) 100vw, 480px\" \/><\/a><\/p>\n<p>O Deputado Federal Jair Bolsonaro (PP \u2013 RJ)\u00a0usou dias atr\u00e1s a tribuna do Congresso Nacional para proferir a seguinte frase contra a Deputada Maria do Ros\u00e1rio ( PT-RS):<\/p>\n<p><strong><em>\u201cN\u00e3o te estupraria porque voc\u00ea n\u00e3o merece\u201d.\u00a0<\/em><\/strong><\/p>\n<p>A FASUBRA vem a p\u00fablico repudiar essa declara\u00e7\u00e3o do deputado Jair Bolsonaro e exigir sua cassa\u00e7\u00e3o bem como sua pris\u00e3o, pois em sua declara\u00e7\u00e3o o deputado se coloca como um violentador em potencial de mulheres.<\/p>\n<p>O comportamento do deputado fere frontalmente a dignidade das mulheres brasileiras e desafia a luta contra as opress\u00f5es sendo inadmiss\u00edvel aceitar que um parlamentar tenha tal comportamento que ataca sem escr\u00fapulos os direitos humanos.<\/p>\n<p>FORA BOLSONARO! PRISAO E CADEIA PARA O DEPUTADO FACISTA!<\/p>\n<p>&nbsp;<\/p>\n<p>Fonte: Fasubra.<\/p>\n","protected":false},"excerpt":{"rendered":"<p>&nbsp; O Deputado Federal Jair Bolsonaro (PP \u2013 RJ)\u00a0usou dias atr\u00e1s a tribuna do Congresso Nacional para proferir a seguinte frase contra a Deputada Maria do Ros\u00e1rio ( PT-RS): \u201cN\u00e3o te estupraria porque voc\u00ea n\u00e3o merece\u201d.\u00a0 A FASUBRA vem a p\u00fablico repudiar essa declara\u00e7\u00e3o do deputado Jair Bolsonaro e exigir sua cassa\u00e7\u00e3o bem como sua [&hellip;]<\/p>\n","protected":false},"author":2,"featured_media":0,"comment_status":"open","ping_status":"open","sticky":false,"template":"","format":"standard","meta":[],"categories":[12,5,18],"tags":[],"_links":{"self":[{"href":"https:\/\/sintema.org.br\/sintema\/wp-json\/wp\/v2\/posts\/5506"}],"collection":[{"href":"https:\/\/sintema.org.br\/sintema\/wp-json\/wp\/v2\/posts"}],"about":[{"href":"https:\/\/sintema.org.br\/sintema\/wp-json\/wp\/v2\/types\/post"}],"author":[{"embeddable":true,"href":"https:\/\/sintema.org.br\/sintema\/wp-json\/wp\/v2\/users\/2"}],"replies":[{"embeddable":true,"href":"https:\/\/sintema.org.br\/sintema\/wp-json\/wp\/v2\/comments?post=5506"}],"version-history":[{"count":1,"href":"https:\/\/sintema.org.br\/sintema\/wp-json\/wp\/v2\/posts\/5506\/revisions"}],"predecessor-version":[{"id":5508,"href":"https:\/\/sintema.org.br\/sintema\/wp-json\/wp\/v2\/posts\/5506\/revisions\/5508"}],"wp:attachment":[{"href":"https:\/\/sintema.org.br\/sintema\/wp-json\/wp\/v2\/media?parent=5506"}],"wp:term":[{"taxonomy":"category","embeddable":true,"href":"https:\/\/sintema.org.br\/sintema\/wp-json\/wp\/v2\/categories?post=5506"},{"taxonomy":"post_tag","embeddable":true,"href":"https:\/\/sintema.org.br\/sintema\/wp-json\/wp\/v2\/tags?post=5506"}],"curies":[{"name":"wp","href":"https:\/\/api.w.org\/{rel}","templated":true}]}}