{"id":7075,"date":"2016-02-02T21:02:30","date_gmt":"2016-02-02T21:02:30","guid":{"rendered":"http:\/\/sintema.org.br\/sintema\/?p=7075"},"modified":"2016-02-02T21:02:30","modified_gmt":"2016-02-02T21:02:30","slug":"reforma-da-previdencia-e-desmonte-do-estado-sao-destaques-na-reuniao-dos-spf","status":"publish","type":"post","link":"https:\/\/sintema.org.br\/sintema\/reforma-da-previdencia-e-desmonte-do-estado-sao-destaques-na-reuniao-dos-spf\/","title":{"rendered":"Reforma da previd\u00eancia e desmonte do Estado s\u00e3o destaques na reuni\u00e3o dos SPF"},"content":{"rendered":"<p><a href=\"http:\/\/sintema.org.br\/sintema\/wp-content\/uploads\/2016\/02\/Reunio-SPF-janeiro-web.jpg\"><img loading=\"lazy\" class=\"alignnone  wp-image-7076\" alt=\"Reunio SPF - janeiro web\" src=\"http:\/\/sintema.org.br\/sintema\/wp-content\/uploads\/2016\/02\/Reunio-SPF-janeiro-web.jpg\" width=\"384\" height=\"216\" srcset=\"https:\/\/sintema.org.br\/sintema\/wp-content\/uploads\/2016\/02\/Reunio-SPF-janeiro-web.jpg 640w, https:\/\/sintema.org.br\/sintema\/wp-content\/uploads\/2016\/02\/Reunio-SPF-janeiro-web-300x168.jpg 300w\" sizes=\"(max-width: 384px) 100vw, 384px\" \/><\/a><\/p>\n<p><i>FASUBRA participa da reuni\u00e3o do F\u00f3rum Nacional das Entidades do Servi\u00e7o P\u00fablico Federal<br \/>\n<\/i><br \/>\nNesta segunda-feira, (1), representantes que comp\u00f5e o F\u00f3rum Nacional das Entidades do Servi\u00e7o P\u00fablico Federal se reuniram na sede do Sindicato Nacional dos Docentes das Institui\u00e7\u00f5es de Ensino Superior (ANDES-SN) para organizar a pr\u00f3xima Reuni\u00e3o Ampliada nos dias 27 e 28 de janeiro em Bras\u00edlia-DF. Presentes 13 entidades nacionais e centrais sindicais.<\/p>\n<p>Ap\u00f3s os informes das entidades, foi constru\u00edda a programa\u00e7\u00e3o e o eixo central da pr\u00f3xima Reuni\u00e3o Ampliada do F\u00f3rum dos Servidores P\u00fablicos Federais com evid\u00eancia \u00e0 luta contra a reforma da previd\u00eancia e os projetos direcionados ao desmonte do Estado.<\/p>\n<p>A pr\u00f3xima reuni\u00e3o tem como objetivo sistematizar a pauta da Campanha Salarial do Funcionalismo P\u00fablico em 2016, portanto \u00e9 preciso que as entidades nacionais promovam um intenso debate com os trabalhadores de suas respectivas categorias, como tamb\u00e9m \u00e9 fundamental incentivar a participa\u00e7\u00e3o da base nessa pr\u00f3xima Reuni\u00e3o Ampliada do F\u00f3rum.<\/p>\n<p>Confira a programa\u00e7\u00e3o!<\/p>\n<p>Cronograma e Metodologia:<\/p>\n<p>Dia 27\/02\/16 \u2013 S\u00e1bado<\/p>\n<p>Manh\u00e3<br \/>\n9h \u2013 Credenciamento<br \/>\n10 \u2013 Abertura \u2013 Mesa sobre Reforma da Previd\u00eancia e Desmonte do Estado.<\/p>\n<p>Convidar palestrantes (Professora da UFRJ: Sara Graneman e Assessor Jur\u00eddico: Luiz Fernando).<br \/>\nCada palestrante realizar\u00e1 o debate sobre um tema.<br \/>\n13h \u2013 Almo\u00e7o<\/p>\n<p>Dia 27\/02\/16 \u2013 S\u00e1bado<\/p>\n<p>Tarde<br \/>\n15h &#8211; Grupos de Trabalho<br \/>\n17h &#8211; Sistematiza\u00e7\u00e3o<\/p>\n<p>Dia 28\/02\/16 \u2013 Domingo<\/p>\n<p>Manh\u00e3<br \/>\n9h \u2013 Apresenta\u00e7\u00e3o das Sistematiza\u00e7\u00f5es<\/p>\n<p>Tarde<br \/>\n14h \u2013 Plen\u00e1ria dos SPF<br \/>\n18h \u2013 Encerramento<\/p>\n<p>A reuni\u00e3o ser\u00e1 realizada no Hotel Bras\u00edlia Imperial nos dias 27 e 28 de fevereiro de 2016 em Bras\u00edlia\/DF. Posteriormente seguir\u00e1 a ficha de inscri\u00e7\u00e3o e demais orienta\u00e7\u00f5es.<\/p>\n<p>&nbsp;<\/p>\n<p>A FASUBRA sindical convida todos seus sindicatos filiados a realizar o debate na base, como tamb\u00e9m enviar representa\u00e7\u00f5es \u00e0 esta importante reuni\u00e3o para armar o funcionalismo e construir uma forte campanha contra a reforma da previd\u00eancia e responder \u00e0 altura dos desafios que teremos pela frente em 2016.<\/p>\n<p>&nbsp;<\/p>\n<p>Confira os detalhes desta reuni\u00e3o no relat\u00f3rio enviado \u00e0s entidades filiadas no pr\u00f3ximo Informe de Dire\u00e7\u00e3o (ID) nesta semana.<\/p>\n<p>&nbsp;<\/p>\n<p align=\"center\"><b>Dire\u00e7\u00e3o Nacional FASUBRA Sindical<\/b><\/p>\n<p style=\"text-align: left;\" align=\"center\">Fonte: Fasubra.<\/p>\n","protected":false},"excerpt":{"rendered":"<p>FASUBRA participa da reuni\u00e3o do F\u00f3rum Nacional das Entidades do Servi\u00e7o P\u00fablico Federal Nesta segunda-feira, (1), representantes que comp\u00f5e o F\u00f3rum Nacional das Entidades do Servi\u00e7o P\u00fablico Federal se reuniram na sede do Sindicato Nacional dos Docentes das Institui\u00e7\u00f5es de Ensino Superior (ANDES-SN) para organizar a pr\u00f3xima Reuni\u00e3o Ampliada nos dias 27 e 28 de [&hellip;]<\/p>\n","protected":false},"author":2,"featured_media":0,"comment_status":"open","ping_status":"open","sticky":false,"template":"","format":"standard","meta":[],"categories":[5,18],"tags":[],"_links":{"self":[{"href":"https:\/\/sintema.org.br\/sintema\/wp-json\/wp\/v2\/posts\/7075"}],"collection":[{"href":"https:\/\/sintema.org.br\/sintema\/wp-json\/wp\/v2\/posts"}],"about":[{"href":"https:\/\/sintema.org.br\/sintema\/wp-json\/wp\/v2\/types\/post"}],"author":[{"embeddable":true,"href":"https:\/\/sintema.org.br\/sintema\/wp-json\/wp\/v2\/users\/2"}],"replies":[{"embeddable":true,"href":"https:\/\/sintema.org.br\/sintema\/wp-json\/wp\/v2\/comments?post=7075"}],"version-history":[{"count":1,"href":"https:\/\/sintema.org.br\/sintema\/wp-json\/wp\/v2\/posts\/7075\/revisions"}],"predecessor-version":[{"id":7077,"href":"https:\/\/sintema.org.br\/sintema\/wp-json\/wp\/v2\/posts\/7075\/revisions\/7077"}],"wp:attachment":[{"href":"https:\/\/sintema.org.br\/sintema\/wp-json\/wp\/v2\/media?parent=7075"}],"wp:term":[{"taxonomy":"category","embeddable":true,"href":"https:\/\/sintema.org.br\/sintema\/wp-json\/wp\/v2\/categories?post=7075"},{"taxonomy":"post_tag","embeddable":true,"href":"https:\/\/sintema.org.br\/sintema\/wp-json\/wp\/v2\/tags?post=7075"}],"curies":[{"name":"wp","href":"https:\/\/api.w.org\/{rel}","templated":true}]}}