{"id":7082,"date":"2016-02-04T20:53:42","date_gmt":"2016-02-04T20:53:42","guid":{"rendered":"http:\/\/sintema.org.br\/sintema\/?p=7082"},"modified":"2016-02-04T20:53:42","modified_gmt":"2016-02-04T20:53:42","slug":"geap-aumento-e-suspenso","status":"publish","type":"post","link":"https:\/\/sintema.org.br\/sintema\/geap-aumento-e-suspenso\/","title":{"rendered":"GEAP: Aumento \u00e9 suspenso"},"content":{"rendered":"<div><a href=\"http:\/\/sintema.org.br\/sintema\/wp-content\/uploads\/2013\/10\/geap.jpg\"><img loading=\"lazy\" class=\"alignnone  wp-image-4193\" alt=\"geap\" src=\"http:\/\/sintema.org.br\/sintema\/wp-content\/uploads\/2013\/10\/geap.jpg\" width=\"360\" height=\"180\" \/><\/a><\/div>\n<div>A 22\u00aa Vara do Distrito Federal suspendeu o aumento de 37,55% que seria cobrado a partir do \u00faltimo dia 1\u00ba para os segurados da Geap. O juiz Bruno Anderson Santos considerou o aumento abusivo e entendeu que o reajuste poderia prejudicar os servidores. O processo foi movido pela Anasps, que representa servidores.<\/div>\n<div><\/div>\n<div><b>FORMA DE ADEQUA\u00c7\u00c3O<\/b><\/div>\n<p>Em nota, a Geap disse que a decis\u00e3o em car\u00e1ter liminar tem possibilidade de recurso e que ser\u00e3o apresentados os argumentos que levaram ao reajuste. Esclareceu que os valores foram atualizados com o objetivo \u201c\u00fanico e exclusivo de adequar a arrecada\u00e7\u00e3o da empresa ao aumento significativo das despesas projetadas para o ano\u201d.<\/p>\n<p><em>Fonte: Blog do Servidor P\u00fablico Federal.<\/em><\/p>\n","protected":false},"excerpt":{"rendered":"<p>A 22\u00aa Vara do Distrito Federal suspendeu o aumento de 37,55% que seria cobrado a partir do \u00faltimo dia 1\u00ba para os segurados da Geap. O juiz Bruno Anderson Santos considerou o aumento abusivo e entendeu que o reajuste poderia prejudicar os servidores. O processo foi movido pela Anasps, que representa servidores. FORMA DE ADEQUA\u00c7\u00c3O [&hellip;]<\/p>\n","protected":false},"author":2,"featured_media":0,"comment_status":"open","ping_status":"open","sticky":false,"template":"","format":"standard","meta":[],"categories":[5,18],"tags":[],"_links":{"self":[{"href":"https:\/\/sintema.org.br\/sintema\/wp-json\/wp\/v2\/posts\/7082"}],"collection":[{"href":"https:\/\/sintema.org.br\/sintema\/wp-json\/wp\/v2\/posts"}],"about":[{"href":"https:\/\/sintema.org.br\/sintema\/wp-json\/wp\/v2\/types\/post"}],"author":[{"embeddable":true,"href":"https:\/\/sintema.org.br\/sintema\/wp-json\/wp\/v2\/users\/2"}],"replies":[{"embeddable":true,"href":"https:\/\/sintema.org.br\/sintema\/wp-json\/wp\/v2\/comments?post=7082"}],"version-history":[{"count":1,"href":"https:\/\/sintema.org.br\/sintema\/wp-json\/wp\/v2\/posts\/7082\/revisions"}],"predecessor-version":[{"id":7083,"href":"https:\/\/sintema.org.br\/sintema\/wp-json\/wp\/v2\/posts\/7082\/revisions\/7083"}],"wp:attachment":[{"href":"https:\/\/sintema.org.br\/sintema\/wp-json\/wp\/v2\/media?parent=7082"}],"wp:term":[{"taxonomy":"category","embeddable":true,"href":"https:\/\/sintema.org.br\/sintema\/wp-json\/wp\/v2\/categories?post=7082"},{"taxonomy":"post_tag","embeddable":true,"href":"https:\/\/sintema.org.br\/sintema\/wp-json\/wp\/v2\/tags?post=7082"}],"curies":[{"name":"wp","href":"https:\/\/api.w.org\/{rel}","templated":true}]}}