{"id":7085,"date":"2016-02-11T14:57:55","date_gmt":"2016-02-11T14:57:55","guid":{"rendered":"http:\/\/sintema.org.br\/sintema\/?p=7085"},"modified":"2016-02-11T14:57:55","modified_gmt":"2016-02-11T14:57:55","slug":"pls-5552015-tramita-com-urgencia-no-senado-tods-a-luta","status":"publish","type":"post","link":"https:\/\/sintema.org.br\/sintema\/pls-5552015-tramita-com-urgencia-no-senado-tods-a-luta\/","title":{"rendered":"PLS 555\/2015 tramita com urg\u00eancia no Senado, tod@s a luta!"},"content":{"rendered":"<p><a href=\"http:\/\/sintema.org.br\/sintema\/wp-content\/uploads\/2016\/02\/Apoio-de-paralmentares-contra-PLS-555-15.jpg\"><img loading=\"lazy\" class=\"alignnone  wp-image-7086\" alt=\"Apoio de paralmentares contra PLS 555-15\" src=\"http:\/\/sintema.org.br\/sintema\/wp-content\/uploads\/2016\/02\/Apoio-de-paralmentares-contra-PLS-555-15.jpg\" width=\"384\" height=\"254\" srcset=\"https:\/\/sintema.org.br\/sintema\/wp-content\/uploads\/2016\/02\/Apoio-de-paralmentares-contra-PLS-555-15.jpg 640w, https:\/\/sintema.org.br\/sintema\/wp-content\/uploads\/2016\/02\/Apoio-de-paralmentares-contra-PLS-555-15-300x198.jpg 300w\" sizes=\"(max-width: 384px) 100vw, 384px\" \/><\/a><\/p>\n<p>A FASUBRA Sindical e v\u00e1rias outras entidades sindicais compareceram ao Congresso Nacional nesta manh\u00e3 (3), para pressionar parlamentares a retirar definitivamente da pauta da casa este projeto nefasto, que faz parte da Agenda Brasil e abre o processo de privatiza\u00e7\u00e3o das empresas p\u00fablicas brasileiras.<\/p>\n<p>&nbsp;<\/p>\n<p>Ap\u00f3s abordar v\u00e1rios parlamentares, recebemos a informa\u00e7\u00e3o de que o PLS 555\/2015 n\u00e3o ser\u00e1 votado nesta quarta-feira (3), mas, como tramita em regime de urg\u00eancia, entrar\u00e1 na pauta do Senado na semana do dia 15 a 19 de fevereiro.<\/p>\n<p>&nbsp;<\/p>\n<p>Alguns senadores se comprometeram a apresentar requerimento para retirar o regime de urg\u00eancia, assim, o projeto de lei vai tramitar primeiramente nas comiss\u00f5es, para s\u00f3 depois voltar ao plen\u00e1rio. Tal iniciativa vai precisar do voto da maioria dos senadores da casa, o que \u00e9 bastante dif\u00edcil, pois se trata de um projeto de interesse direto do presidente do Senado, o Sr. Renan Calheiros.<\/p>\n<p>&nbsp;<\/p>\n<p>No final da tarde desta quarta-feira acontece uma nova reuni\u00e3o, na qual a FASUBRA vai participar em conjunto com outras entidades sindicais para articular iniciativas que visam barrar esse projeto no Congresso Nacional.<\/p>\n<p>&nbsp;<\/p>\n<p>A FASUBRA Sindical orienta todas as entidades filiadas a organizarem uma frente contra o projeto nos estados, em conjunto com os sindicatos de trabalhadores de outras empresas p\u00fablicas, para construir reuni\u00f5es e atos que pressionem os senadores em todos os estados do pa\u00eds.<\/p>\n<p>&nbsp;<\/p>\n<p>Al\u00e9m disso, \u00e9 importante denunciar mais essa tentativa de privatiza\u00e7\u00e3o do estado brasileiro na paralisa\u00e7\u00e3o convocada nas universidades federais para o dia 24 de fevereiro.<\/p>\n<p align=\"center\"><b>\u00a0<\/b><\/p>\n<p align=\"center\"><b>Dire\u00e7\u00e3o Nacional FASUBRA Sindical<\/b><\/p>\n<p style=\"text-align: left;\" align=\"center\">Fonte: Fasubra.<\/p>\n","protected":false},"excerpt":{"rendered":"<p>A FASUBRA Sindical e v\u00e1rias outras entidades sindicais compareceram ao Congresso Nacional nesta manh\u00e3 (3), para pressionar parlamentares a retirar definitivamente da pauta da casa este projeto nefasto, que faz parte da Agenda Brasil e abre o processo de privatiza\u00e7\u00e3o das empresas p\u00fablicas brasileiras. &nbsp; Ap\u00f3s abordar v\u00e1rios parlamentares, recebemos a informa\u00e7\u00e3o de que o [&hellip;]<\/p>\n","protected":false},"author":2,"featured_media":0,"comment_status":"open","ping_status":"open","sticky":false,"template":"","format":"standard","meta":[],"categories":[5,18],"tags":[],"_links":{"self":[{"href":"https:\/\/sintema.org.br\/sintema\/wp-json\/wp\/v2\/posts\/7085"}],"collection":[{"href":"https:\/\/sintema.org.br\/sintema\/wp-json\/wp\/v2\/posts"}],"about":[{"href":"https:\/\/sintema.org.br\/sintema\/wp-json\/wp\/v2\/types\/post"}],"author":[{"embeddable":true,"href":"https:\/\/sintema.org.br\/sintema\/wp-json\/wp\/v2\/users\/2"}],"replies":[{"embeddable":true,"href":"https:\/\/sintema.org.br\/sintema\/wp-json\/wp\/v2\/comments?post=7085"}],"version-history":[{"count":1,"href":"https:\/\/sintema.org.br\/sintema\/wp-json\/wp\/v2\/posts\/7085\/revisions"}],"predecessor-version":[{"id":7087,"href":"https:\/\/sintema.org.br\/sintema\/wp-json\/wp\/v2\/posts\/7085\/revisions\/7087"}],"wp:attachment":[{"href":"https:\/\/sintema.org.br\/sintema\/wp-json\/wp\/v2\/media?parent=7085"}],"wp:term":[{"taxonomy":"category","embeddable":true,"href":"https:\/\/sintema.org.br\/sintema\/wp-json\/wp\/v2\/categories?post=7085"},{"taxonomy":"post_tag","embeddable":true,"href":"https:\/\/sintema.org.br\/sintema\/wp-json\/wp\/v2\/tags?post=7085"}],"curies":[{"name":"wp","href":"https:\/\/api.w.org\/{rel}","templated":true}]}}