{"id":7088,"date":"2016-02-12T16:48:51","date_gmt":"2016-02-12T16:48:51","guid":{"rendered":"http:\/\/sintema.org.br\/sintema\/?p=7088"},"modified":"2016-02-12T16:48:51","modified_gmt":"2016-02-12T16:48:51","slug":"a-falta-de-financiamento-para-os-servicos-publicos-e-crucial-para-o-entendimento-da-epidemia-do-zika-virus","status":"publish","type":"post","link":"https:\/\/sintema.org.br\/sintema\/a-falta-de-financiamento-para-os-servicos-publicos-e-crucial-para-o-entendimento-da-epidemia-do-zika-virus\/","title":{"rendered":"A falta de financiamento para os servi\u00e7os p\u00fablicos \u00e9 crucial para o entendimento da epidemia do Zika v\u00edrus"},"content":{"rendered":"<p><a href=\"http:\/\/sintema.org.br\/sintema\/wp-content\/uploads\/2016\/02\/aedesmosquito_cc_marcosteixeiradefreitas.jpg\"><img loading=\"lazy\" class=\"alignnone  wp-image-7089\" alt=\"aedesmosquito_cc_marcosteixeiradefreitas\" src=\"http:\/\/sintema.org.br\/sintema\/wp-content\/uploads\/2016\/02\/aedesmosquito_cc_marcosteixeiradefreitas.jpg\" width=\"336\" height=\"252\" srcset=\"https:\/\/sintema.org.br\/sintema\/wp-content\/uploads\/2016\/02\/aedesmosquito_cc_marcosteixeiradefreitas.jpg 480w, https:\/\/sintema.org.br\/sintema\/wp-content\/uploads\/2016\/02\/aedesmosquito_cc_marcosteixeiradefreitas-300x225.jpg 300w\" sizes=\"(max-width: 336px) 100vw, 336px\" \/><\/a><\/p>\n<p>A Internacional de Servi\u00e7os P\u00fablicos (ISP) afirma que a falta de financiamento e privatiza\u00e7\u00f5es no setor p\u00fablico de sa\u00fade contribui com a falta de medidas representativas contra o zika v\u00edrus. Confira no link abaixo o texto completo.<\/p>\n<p><a href=\"https:\/\/drive.google.com\/file\/d\/0B4MiLGYsIC5tNmhHa2w2ZWlCSlg3UDZkaXFyYjZuY056SFVn\/view\" target=\"_blank\">LINK <\/a><\/p>\n","protected":false},"excerpt":{"rendered":"<p>A Internacional de Servi\u00e7os P\u00fablicos (ISP) afirma que a falta de financiamento e privatiza\u00e7\u00f5es no setor p\u00fablico de sa\u00fade contribui com a falta de medidas representativas contra o zika v\u00edrus. Confira no link abaixo o texto completo. LINK<\/p>\n","protected":false},"author":2,"featured_media":0,"comment_status":"open","ping_status":"open","sticky":false,"template":"","format":"standard","meta":[],"categories":[5,18],"tags":[],"_links":{"self":[{"href":"https:\/\/sintema.org.br\/sintema\/wp-json\/wp\/v2\/posts\/7088"}],"collection":[{"href":"https:\/\/sintema.org.br\/sintema\/wp-json\/wp\/v2\/posts"}],"about":[{"href":"https:\/\/sintema.org.br\/sintema\/wp-json\/wp\/v2\/types\/post"}],"author":[{"embeddable":true,"href":"https:\/\/sintema.org.br\/sintema\/wp-json\/wp\/v2\/users\/2"}],"replies":[{"embeddable":true,"href":"https:\/\/sintema.org.br\/sintema\/wp-json\/wp\/v2\/comments?post=7088"}],"version-history":[{"count":1,"href":"https:\/\/sintema.org.br\/sintema\/wp-json\/wp\/v2\/posts\/7088\/revisions"}],"predecessor-version":[{"id":7090,"href":"https:\/\/sintema.org.br\/sintema\/wp-json\/wp\/v2\/posts\/7088\/revisions\/7090"}],"wp:attachment":[{"href":"https:\/\/sintema.org.br\/sintema\/wp-json\/wp\/v2\/media?parent=7088"}],"wp:term":[{"taxonomy":"category","embeddable":true,"href":"https:\/\/sintema.org.br\/sintema\/wp-json\/wp\/v2\/categories?post=7088"},{"taxonomy":"post_tag","embeddable":true,"href":"https:\/\/sintema.org.br\/sintema\/wp-json\/wp\/v2\/tags?post=7088"}],"curies":[{"name":"wp","href":"https:\/\/api.w.org\/{rel}","templated":true}]}}