{"id":7095,"date":"2016-02-14T10:00:52","date_gmt":"2016-02-14T10:00:52","guid":{"rendered":"http:\/\/sintema.org.br\/sintema\/?p=7095"},"modified":"2016-02-14T13:11:33","modified_gmt":"2016-02-14T13:11:33","slug":"ministro-descarta-elo-entre-larvicida-e-microcefalia","status":"publish","type":"post","link":"https:\/\/sintema.org.br\/sintema\/ministro-descarta-elo-entre-larvicida-e-microcefalia\/","title":{"rendered":"Ministro descarta elo entre larvicida e microcefalia"},"content":{"rendered":"<p><a href=\"http:\/\/sintema.org.br\/sintema\/wp-content\/uploads\/2016\/02\/microcefalia-ae-cortada.jpg\"><img loading=\"lazy\" class=\"wp-image-7096 alignnone\" alt=\"microcefalia-ae-cortada\" src=\"http:\/\/sintema.org.br\/sintema\/wp-content\/uploads\/2016\/02\/microcefalia-ae-cortada-1024x682.jpg\" width=\"269\" height=\"179\" srcset=\"https:\/\/sintema.org.br\/sintema\/wp-content\/uploads\/2016\/02\/microcefalia-ae-cortada-1024x682.jpg 1024w, https:\/\/sintema.org.br\/sintema\/wp-content\/uploads\/2016\/02\/microcefalia-ae-cortada-300x200.jpg 300w, https:\/\/sintema.org.br\/sintema\/wp-content\/uploads\/2016\/02\/microcefalia-ae-cortada.jpg 1200w\" sizes=\"(max-width: 269px) 100vw, 269px\" \/><\/a><\/p>\n<p style=\"text-align: justify;\"><span style=\"line-height: 1.5em;\">O ministro da Sa\u00fade, Marcelo Castro, disse neste s\u00e1bado (13), em Salvador, que a sociedade brasileira precisa &#8220;passar da consci\u00eancia para a a\u00e7\u00e3o&#8221; no combate ao Aedes Aegypti \u2013 transmissor do v\u00edrus da dengue, chikungunya e do v\u00edrus da zika. Castro est\u00e1 na capital baiana acompanhando as For\u00e7as Armadas, durante o\u00a0<\/span><a style=\"line-height: 1.5em;\" href=\"http:\/\/g1.globo.com\/bemestar\/noticia\/2016\/02\/mais-de-350-cidades-fazem-acao-contra-o-aedes-aegypti.html\">dia nacional de mobiliza\u00e7\u00e3o contra o mosquito, que acontece em mais de 350 cidades do pa\u00eds<\/a><span style=\"line-height: 1.5em;\">.<\/span><\/p>\n<p style=\"text-align: justify;\">Durante a visita, o ministro tamb\u00e9m descartou qualquer possibilidade de rela\u00e7\u00e3o entre o larvicida Pyriproxyfen com casos de microcefalia. O\u00a0<a href=\"http:\/\/g1.globo.com\/rs\/rio-grande-do-sul\/noticia\/2016\/02\/rs-suspende-uso-de-larvicida-por-suspeita-de-relacao-com-microcefalia.html\">larvicida, utilizado na \u00e1gua para combater a prolifera\u00e7\u00e3o do Aedes aegypti, teve o uso suspenso no Rio Grande do Sul ap\u00f3s suspeitas de liga\u00e7\u00e3o com a doen\u00e7a que afeta os beb\u00eas<\/a>, segundo informou o secret\u00e1rio de Sa\u00fade do RS, Jo\u00e3o Gabbardo dos Reis.<\/p>\n<p style=\"text-align: justify;\">&#8220;Isso \u00e9 um boato. Isso \u00e9 desprovido de qualquer logica e sentido. N\u00e3o tem nenhum fundamento. O nosso \u00e9 aprovado pela Anvisa e usado no mundo inteiro. Pyriproxyfen \u00e9 reconhecido por todas as ag\u00eancias de regula\u00e7\u00e3o do mundo inteiro&#8221;, disse Castro, em entrevista ao\u00a0<strong>G1<\/strong>.<\/p>\n<p style=\"text-align: justify;\">Em nota, a Sumitomo Chemical, fabricante do larvicida, disse que n\u00e3o h\u00e1 nenhuma base cient\u00edfica em rela\u00e7\u00e3o ao uso do Pyriproxyfen com casos de micocefalia.<\/p>\n<p style=\"text-align: justify;\">De acordo com o comunicado, o larvicida \u00e9 um produto aprovado pela Ag\u00eancia Nacional de Vigil\u00e2ncia Sanit\u00e1ria (Anvisa) para uso em campanhas de sa\u00fade p\u00fablica, como \u201cinseticida-larvicida, controlando vetores de doen\u00e7as, dentre os quais mosquitos Aedes aegypti, Culex quinquefasciatus e mosca dom\u00e9stica\u201d. Pyriproxyfen tamb\u00e9m \u00e9 registrado para o combate do Aedes aegypti em pa\u00edses como Turquia, Ar\u00e1bia Saudita, Dinamarca, Fran\u00e7a, Gr\u00e9cia, Holanda, Espanha. Na Am\u00e9rica Latina, Rep\u00fablica Dominicana e Col\u00f4mbia utilizam o produto desde 2010.<\/p>\n<p style=\"text-align: justify;\">A empresa ainda defende que o Pyriproxyfen foi aprovado pela Organiza\u00e7\u00e3o Mundial de Sa\u00fade (OMS) para combate a mosquitos, dentre eles o Aedes Aegypti. Ainda em nota, a Sumitomo Chemical defende que o larvicida n\u00e3o \u00e9 mutag\u00eanico, n\u00e3o \u00e9 genot\u00f3xico, n\u00e3o \u00e9 carcinog\u00eanico nem teratog\u00eanico. Al\u00e9m disso, o produto foi submetido a rigorosos testes toxicol\u00f3gicos que n\u00e3o demonstraram efeitos sobre a reprodu\u00e7\u00e3o, sobre o sistema nervoso central ou perif\u00e9rico.<\/p>\n<p style=\"text-align: justify;\"><strong>Ministro em Salvador<\/strong><br \/>\nO ministro, que passou pelo Pelourinho, pelo Mercado Modelo, rodovi\u00e1ria e aeroporto da cidade, pediu\u00a0 mobiliza\u00e7\u00e3o da popula\u00e7\u00e3o para impedir a prolifera\u00e7\u00e3o do mosquito. \u201cA presidente est\u00e1 muito preocupada e assumindo controle das a\u00e7\u00f5es que est\u00e3o sendo desenvolvidas. O minist\u00e9rio da Sa\u00fade sozinho n\u00e3o \u00e9 suficiente para combater o mosquito. A sociedade brasileira j\u00e1 est\u00e1 consciente da situa\u00e7\u00e3o. Agora precisamos passar da consci\u00eancia para a a\u00e7\u00e3o\u201d, pediu.<\/p>\n<p style=\"text-align: justify;\">A a\u00e7\u00e3o das For\u00e7as Armadas conta com 220 mil militares em todo o pa\u00eds,\u00a0<a href=\"http:\/\/g1.globo.com\/bahia\/noticia\/2016\/02\/forcas-armadas-usarao-6-mil-homens-para-erradicar-mosquito-na-bahia.html\">6 mil deles na Bahia<\/a>, para distribuir informa\u00e7\u00f5es sobre como combater o mosquito. A partir da segunda-feira (15), oficiais estar\u00e3o junto com agentes de sa\u00fade para erradicar os criadores do Aedes nas resid\u00eancias.<\/p>\n<p style=\"text-align: justify;\">\u201cMais de dois ter\u00e7os dos criadores de mosquitos est\u00e3o dentro de resid\u00eancias, n\u00e3o basta s\u00f3 for\u00e7as e agentes, tudo isso, n\u00e3o \u00e9 suficiente. Os governos federal, estadual e municipal est\u00e3o fazendo esfor\u00e7o m\u00e1ximo, mas mais do que isso, o imprescind\u00edvel \u00e9 participa\u00e7\u00e3o da sociedade brasileira. A sociedade tem que abra\u00e7ar essa causa de sa\u00fade p\u00fablica\u201d, afirmou.<\/p>\n<p style=\"text-align: justify;\"><em>Do G1<\/em><\/p>\n","protected":false},"excerpt":{"rendered":"<p>O ministro da Sa\u00fade, Marcelo Castro, disse neste s\u00e1bado (13), em Salvador, que a sociedade brasileira precisa &#8220;passar da consci\u00eancia para a a\u00e7\u00e3o&#8221; no combate ao Aedes Aegypti \u2013 transmissor do v\u00edrus da dengue, chikungunya e do v\u00edrus da zika. Castro est\u00e1 na capital baiana acompanhando as For\u00e7as Armadas, durante o\u00a0dia nacional de mobiliza\u00e7\u00e3o contra [&hellip;]<\/p>\n","protected":false},"author":2,"featured_media":0,"comment_status":"open","ping_status":"open","sticky":false,"template":"","format":"standard","meta":[],"categories":[5,18],"tags":[],"_links":{"self":[{"href":"https:\/\/sintema.org.br\/sintema\/wp-json\/wp\/v2\/posts\/7095"}],"collection":[{"href":"https:\/\/sintema.org.br\/sintema\/wp-json\/wp\/v2\/posts"}],"about":[{"href":"https:\/\/sintema.org.br\/sintema\/wp-json\/wp\/v2\/types\/post"}],"author":[{"embeddable":true,"href":"https:\/\/sintema.org.br\/sintema\/wp-json\/wp\/v2\/users\/2"}],"replies":[{"embeddable":true,"href":"https:\/\/sintema.org.br\/sintema\/wp-json\/wp\/v2\/comments?post=7095"}],"version-history":[{"count":8,"href":"https:\/\/sintema.org.br\/sintema\/wp-json\/wp\/v2\/posts\/7095\/revisions"}],"predecessor-version":[{"id":7098,"href":"https:\/\/sintema.org.br\/sintema\/wp-json\/wp\/v2\/posts\/7095\/revisions\/7098"}],"wp:attachment":[{"href":"https:\/\/sintema.org.br\/sintema\/wp-json\/wp\/v2\/media?parent=7095"}],"wp:term":[{"taxonomy":"category","embeddable":true,"href":"https:\/\/sintema.org.br\/sintema\/wp-json\/wp\/v2\/categories?post=7095"},{"taxonomy":"post_tag","embeddable":true,"href":"https:\/\/sintema.org.br\/sintema\/wp-json\/wp\/v2\/tags?post=7095"}],"curies":[{"name":"wp","href":"https:\/\/api.w.org\/{rel}","templated":true}]}}