{"id":7105,"date":"2016-02-15T13:03:39","date_gmt":"2016-02-15T13:03:39","guid":{"rendered":"http:\/\/sintema.org.br\/sintema\/?p=7105"},"modified":"2016-02-15T13:03:39","modified_gmt":"2016-02-15T13:03:39","slug":"i-encontro-nacional-de-aprimoramento-carreira-de-2016","status":"publish","type":"post","link":"https:\/\/sintema.org.br\/sintema\/i-encontro-nacional-de-aprimoramento-carreira-de-2016\/","title":{"rendered":"I Encontro Nacional de Aprimoramento Carreira de 2016"},"content":{"rendered":"<p><a href=\"http:\/\/sintema.org.br\/sintema\/wp-content\/uploads\/2016\/02\/IMG-20160205-WA0027.jpg\"><img loading=\"lazy\" class=\"alignnone size-full wp-image-7106\" alt=\"IMG-20160205-WA0027\" src=\"http:\/\/sintema.org.br\/sintema\/wp-content\/uploads\/2016\/02\/IMG-20160205-WA0027.jpg\" width=\"238\" height=\"212\" \/><\/a><\/p>\n<p>A FASUBRA Sindical tem a honra de convidar\u00a0os membros das Comiss\u00f5es Internas de Supervis\u00e3o Carreira \u2013\u00a0CIS, dire\u00e7\u00f5es de Entidades de Base, representa\u00e7\u00e3o de grupos de trabalho de carreira dos sindicatos da base da federa\u00e7\u00e3o e representa\u00e7\u00e3o da Fasubra na Comiss\u00e3o interna de Supervis\u00e3o da Carreira para debates sobre aprimoramento que acontece nos dias 26 e 27 de fevereiro em Bras\u00edlia-DF.<\/p>\n<p>&nbsp;<\/p>\n<p>O objetivo \u00e9 iniciar as discuss\u00f5es referentes ao aprimoramento da carreira, item da\u00a0cl\u00e1usula s\u00e9tima, par\u00e1grafo \u00fanico, do Termo de Acordo de 2015, resultado do processo de negocia\u00e7\u00e3o com o governo federal.<\/p>\n<p>&nbsp;<\/p>\n<p><b> Temas\u00a0<\/b><\/p>\n<p>&nbsp;<\/p>\n<p>1. Rela\u00e7\u00e3o CIS-FASUBRA-CNSC<\/p>\n<p>2. Mudan\u00e7a dos padr\u00f5es de vencimento e de capacita\u00e7\u00e3o<\/p>\n<p>3. Anexo III<\/p>\n<p>4. RSC<\/p>\n<p>5. T\u00e9cnico substituto<\/p>\n<p>6. Dimensionamento<\/p>\n<p>&nbsp;<\/p>\n<p>As propostas aprovadas ser\u00e3o enviadas \u00e0 base da federa\u00e7\u00e3o para discuss\u00e3o junto \u00e0 categoria. O resultado desse debate ser\u00e1 apresentado\u00a0no II Encontro Nacional de Carreira de 2016 a ser realizado no dia 31\/03. Ap\u00f3s o Encontro,\u00a0na Plen\u00e1ria Nacional da FASUBRA, no m\u00eas de abril\u00a0ser\u00e3o levadas \u00e0 aprova\u00e7\u00e3o o produto dos debates.<\/p>\n<p>&nbsp;<\/p>\n<p>Para a FASUBRA \u00e9 importante a participa\u00e7\u00e3o de trabalhadores de faixa et\u00e1ria diversa, ressaltando-se que \u00e9 importante a participa\u00e7\u00e3o de trabalhadores novos, trabalhadores que j\u00e1 est\u00e3o no meio e no fim da carreira, bem como aposentados. Destacamos que para a participa\u00e7\u00e3o as entidades devem levar em considera\u00e7\u00e3o que o encontro ser\u00e1 precedido de debate na base, sendo, portanto, recomendado que seja tirada apenas uma pequena comiss\u00e3o capaz de reproduzir os debates nas bases. Sugerimos ainda que, na medida do poss\u00edvel, sejam incorporados trabalhadores que\u00a0desempenhem fun\u00e7\u00f5es diferentes.<\/p>\n<p>&nbsp;<\/p>\n<p>A pr\u00f3xima reuni\u00e3o\u00a0de negocia\u00e7\u00e3o com o MEC ser\u00e1 para\u00a0tratar\u00a0do aprimoramento da carreira nos dias 24 e 25 de fevereiro.<\/p>\n<p>&nbsp;<\/p>\n<p><em>Fonte: Fasubra.<\/em><\/p>\n","protected":false},"excerpt":{"rendered":"<p>A FASUBRA Sindical tem a honra de convidar\u00a0os membros das Comiss\u00f5es Internas de Supervis\u00e3o Carreira \u2013\u00a0CIS, dire\u00e7\u00f5es de Entidades de Base, representa\u00e7\u00e3o de grupos de trabalho de carreira dos sindicatos da base da federa\u00e7\u00e3o e representa\u00e7\u00e3o da Fasubra na Comiss\u00e3o interna de Supervis\u00e3o da Carreira para debates sobre aprimoramento que acontece nos dias 26 e [&hellip;]<\/p>\n","protected":false},"author":2,"featured_media":0,"comment_status":"open","ping_status":"open","sticky":false,"template":"","format":"standard","meta":[],"categories":[5,18],"tags":[],"_links":{"self":[{"href":"https:\/\/sintema.org.br\/sintema\/wp-json\/wp\/v2\/posts\/7105"}],"collection":[{"href":"https:\/\/sintema.org.br\/sintema\/wp-json\/wp\/v2\/posts"}],"about":[{"href":"https:\/\/sintema.org.br\/sintema\/wp-json\/wp\/v2\/types\/post"}],"author":[{"embeddable":true,"href":"https:\/\/sintema.org.br\/sintema\/wp-json\/wp\/v2\/users\/2"}],"replies":[{"embeddable":true,"href":"https:\/\/sintema.org.br\/sintema\/wp-json\/wp\/v2\/comments?post=7105"}],"version-history":[{"count":1,"href":"https:\/\/sintema.org.br\/sintema\/wp-json\/wp\/v2\/posts\/7105\/revisions"}],"predecessor-version":[{"id":7107,"href":"https:\/\/sintema.org.br\/sintema\/wp-json\/wp\/v2\/posts\/7105\/revisions\/7107"}],"wp:attachment":[{"href":"https:\/\/sintema.org.br\/sintema\/wp-json\/wp\/v2\/media?parent=7105"}],"wp:term":[{"taxonomy":"category","embeddable":true,"href":"https:\/\/sintema.org.br\/sintema\/wp-json\/wp\/v2\/categories?post=7105"},{"taxonomy":"post_tag","embeddable":true,"href":"https:\/\/sintema.org.br\/sintema\/wp-json\/wp\/v2\/tags?post=7105"}],"curies":[{"name":"wp","href":"https:\/\/api.w.org\/{rel}","templated":true}]}}