{"id":7108,"date":"2016-02-17T13:20:21","date_gmt":"2016-02-17T13:20:21","guid":{"rendered":"http:\/\/sintema.org.br\/sintema\/?p=7108"},"modified":"2016-02-17T13:20:21","modified_gmt":"2016-02-17T13:20:21","slug":"ufma-realiza-acoes-de-enfrentamento-ao-aedes-aegypti","status":"publish","type":"post","link":"https:\/\/sintema.org.br\/sintema\/ufma-realiza-acoes-de-enfrentamento-ao-aedes-aegypti\/","title":{"rendered":"UFMA realiza a\u00e7\u00f5es de enfrentamento ao aedes aegypti"},"content":{"rendered":"<p><a href=\"http:\/\/sintema.org.br\/sintema\/wp-content\/uploads\/2016\/02\/zikazero.png\"><img loading=\"lazy\" class=\"alignnone  wp-image-7109\" alt=\"zikazero\" src=\"http:\/\/sintema.org.br\/sintema\/wp-content\/uploads\/2016\/02\/zikazero.png\" width=\"428\" height=\"299\" srcset=\"https:\/\/sintema.org.br\/sintema\/wp-content\/uploads\/2016\/02\/zikazero.png 714w, https:\/\/sintema.org.br\/sintema\/wp-content\/uploads\/2016\/02\/zikazero-300x209.png 300w\" sizes=\"(max-width: 428px) 100vw, 428px\" \/><\/a><\/p>\n<p>S\u00c3O LUIS \u2013 A Universidade Federal do Maranh\u00e3o est\u00e1 mobilizada para combater a prolifera\u00e7\u00e3o do mosquito Aedes Aegypti, causador da dengue, chikungunya e zika v\u00edrus. Desde janeiro, a Universidade realiza campanhas com o intuito de diminuir o n\u00famero dos casos de doen\u00e7as transmitidas pelo mosquito.<\/p>\n<p>Esta a\u00e7\u00e3o desenvolvida pela Pr\u00f3-Reitoria de Extens\u00e3o, Cultura e Empreendedorismo (Proexce), chamada de \u201cFora zika, dengue e chikungunya\u201d faz parte de uma campanha nacional denominada \u201cZika zero\u201d, que engloba todas as universidades e institutos federais de educa\u00e7\u00e3o.\u00a0A iniciativa da campanha \u00e9 resultante do Pacto da Educa\u00e7\u00e3o Brasileira contra o zika, do Minist\u00e9rio da Educa\u00e7\u00e3o (MEC), que se compromete a realizar a\u00e7\u00f5es de combate \u00e0 doen\u00e7a.<\/p>\n<p>Na UFMA, est\u00e3o sendo realizados trabalhos de limpeza em mais de 60 caixas d\u2019\u00e1gua distribu\u00eddas em todos os pr\u00e9dios, tanto na capital quanto no continente, servi\u00e7os de capinagem utilizando ro\u00e7adeiras para diminuir o tamanho do gramado, recolhimento de copos pl\u00e1sticos e objetos que acumulem \u00e1gua.<\/p>\n<p>De acordo com a Pr\u00f3-reitora de Extens\u00e3o, Cultura e Empreendedorismo, Dorlene Maria Cardoso de Aquino, a inten\u00e7\u00e3o \u00e9 desenvolver a\u00e7\u00f5es de sensibiliza\u00e7\u00e3o. \u201cA ideia \u00e9 trabalhar com a popula\u00e7\u00e3o de estudantes do ensino m\u00e9dio e fundamental, com o desafio de desenvolver a\u00e7\u00f5es em tr\u00eas momentos de forma bem incisiva, com sensibiliza\u00e7\u00e3o atrav\u00e9s de palestras, distribui\u00e7\u00e3o de panfletos, pe\u00e7as tetrais\u201d, adiantou.<\/p>\n<p>Como resposta ao Pacto, a Universidade j\u00e1 preparou uma programa\u00e7\u00e3o para mobilizar a comunidade universit\u00e1ria que contar\u00e1 com panfletagens, palestras, confer\u00eancias e atividades l\u00fadicas.<\/p>\n<p><a href=\"http:\/\/www.ufma.br\/portalUFMA\/arquivo\/ngkZJLQzthtL4cK.pdf\" target=\"_blank\">Veja a programa\u00e7\u00e3o completa<\/a><\/p>\n<p><a href=\"http:\/\/www.ufma.br\/portalUFMA\/arquivo\/0Eg7tr0IJa7Vjfw.pdf\" target=\"_blank\">Acesse o flyer da campanha<\/a><\/p>\n","protected":false},"excerpt":{"rendered":"<p>S\u00c3O LUIS \u2013 A Universidade Federal do Maranh\u00e3o est\u00e1 mobilizada para combater a prolifera\u00e7\u00e3o do mosquito Aedes Aegypti, causador da dengue, chikungunya e zika v\u00edrus. Desde janeiro, a Universidade realiza campanhas com o intuito de diminuir o n\u00famero dos casos de doen\u00e7as transmitidas pelo mosquito. Esta a\u00e7\u00e3o desenvolvida pela Pr\u00f3-Reitoria de Extens\u00e3o, Cultura e Empreendedorismo [&hellip;]<\/p>\n","protected":false},"author":2,"featured_media":0,"comment_status":"open","ping_status":"open","sticky":false,"template":"","format":"standard","meta":[],"categories":[5],"tags":[],"_links":{"self":[{"href":"https:\/\/sintema.org.br\/sintema\/wp-json\/wp\/v2\/posts\/7108"}],"collection":[{"href":"https:\/\/sintema.org.br\/sintema\/wp-json\/wp\/v2\/posts"}],"about":[{"href":"https:\/\/sintema.org.br\/sintema\/wp-json\/wp\/v2\/types\/post"}],"author":[{"embeddable":true,"href":"https:\/\/sintema.org.br\/sintema\/wp-json\/wp\/v2\/users\/2"}],"replies":[{"embeddable":true,"href":"https:\/\/sintema.org.br\/sintema\/wp-json\/wp\/v2\/comments?post=7108"}],"version-history":[{"count":1,"href":"https:\/\/sintema.org.br\/sintema\/wp-json\/wp\/v2\/posts\/7108\/revisions"}],"predecessor-version":[{"id":7110,"href":"https:\/\/sintema.org.br\/sintema\/wp-json\/wp\/v2\/posts\/7108\/revisions\/7110"}],"wp:attachment":[{"href":"https:\/\/sintema.org.br\/sintema\/wp-json\/wp\/v2\/media?parent=7108"}],"wp:term":[{"taxonomy":"category","embeddable":true,"href":"https:\/\/sintema.org.br\/sintema\/wp-json\/wp\/v2\/categories?post=7108"},{"taxonomy":"post_tag","embeddable":true,"href":"https:\/\/sintema.org.br\/sintema\/wp-json\/wp\/v2\/tags?post=7108"}],"curies":[{"name":"wp","href":"https:\/\/api.w.org\/{rel}","templated":true}]}}