{"id":7115,"date":"2016-02-18T20:47:31","date_gmt":"2016-02-18T20:47:31","guid":{"rendered":"http:\/\/sintema.org.br\/sintema\/?p=7115"},"modified":"2016-02-18T20:47:31","modified_gmt":"2016-02-18T20:47:31","slug":"sintema-convoca-associados-conveniados-a-geap-para-reuniao-dia-02-de-marco","status":"publish","type":"post","link":"https:\/\/sintema.org.br\/sintema\/sintema-convoca-associados-conveniados-a-geap-para-reuniao-dia-02-de-marco\/","title":{"rendered":"Sintema convoca associados conveniados \u00e0 GEAP para reuni\u00e3o dia 02 de mar\u00e7o"},"content":{"rendered":"<p>A diretoria do Sintema convoca todos os associados que possuem conv\u00eanio GEAP SA\u00daDE para uma reuni\u00e3o no dia 02 de mar\u00e7o de 2016, \u00e0s 9 horas, no audit\u00f3rio central da UFMA.<\/p>\n<p><a href=\"http:\/\/sintema.org.br\/sintema\/wp-content\/uploads\/2016\/02\/reuniaojps.png\"><img loading=\"lazy\" class=\"alignnone  wp-image-7116\" alt=\"reuniaojps\" src=\"http:\/\/sintema.org.br\/sintema\/wp-content\/uploads\/2016\/02\/reuniaojps.png\" width=\"479\" height=\"585\" srcset=\"https:\/\/sintema.org.br\/sintema\/wp-content\/uploads\/2016\/02\/reuniaojps.png 532w, https:\/\/sintema.org.br\/sintema\/wp-content\/uploads\/2016\/02\/reuniaojps-245x300.png 245w\" sizes=\"(max-width: 479px) 100vw, 479px\" \/><\/a><\/p>\n","protected":false},"excerpt":{"rendered":"<p>A diretoria do Sintema convoca todos os associados que possuem conv\u00eanio GEAP SA\u00daDE para uma reuni\u00e3o no dia 02 de mar\u00e7o de 2016, \u00e0s 9 horas, no audit\u00f3rio central da UFMA.<\/p>\n","protected":false},"author":2,"featured_media":0,"comment_status":"open","ping_status":"open","sticky":false,"template":"","format":"standard","meta":[],"categories":[12,5],"tags":[],"_links":{"self":[{"href":"https:\/\/sintema.org.br\/sintema\/wp-json\/wp\/v2\/posts\/7115"}],"collection":[{"href":"https:\/\/sintema.org.br\/sintema\/wp-json\/wp\/v2\/posts"}],"about":[{"href":"https:\/\/sintema.org.br\/sintema\/wp-json\/wp\/v2\/types\/post"}],"author":[{"embeddable":true,"href":"https:\/\/sintema.org.br\/sintema\/wp-json\/wp\/v2\/users\/2"}],"replies":[{"embeddable":true,"href":"https:\/\/sintema.org.br\/sintema\/wp-json\/wp\/v2\/comments?post=7115"}],"version-history":[{"count":1,"href":"https:\/\/sintema.org.br\/sintema\/wp-json\/wp\/v2\/posts\/7115\/revisions"}],"predecessor-version":[{"id":7117,"href":"https:\/\/sintema.org.br\/sintema\/wp-json\/wp\/v2\/posts\/7115\/revisions\/7117"}],"wp:attachment":[{"href":"https:\/\/sintema.org.br\/sintema\/wp-json\/wp\/v2\/media?parent=7115"}],"wp:term":[{"taxonomy":"category","embeddable":true,"href":"https:\/\/sintema.org.br\/sintema\/wp-json\/wp\/v2\/categories?post=7115"},{"taxonomy":"post_tag","embeddable":true,"href":"https:\/\/sintema.org.br\/sintema\/wp-json\/wp\/v2\/tags?post=7115"}],"curies":[{"name":"wp","href":"https:\/\/api.w.org\/{rel}","templated":true}]}}