{"id":7118,"date":"2016-02-22T17:55:02","date_gmt":"2016-02-22T17:55:02","guid":{"rendered":"http:\/\/sintema.org.br\/sintema\/?p=7118"},"modified":"2016-02-22T17:55:02","modified_gmt":"2016-02-22T17:55:02","slug":"pressao-dos-trabalhadores-adia-votacao-do-pls-55515","status":"publish","type":"post","link":"https:\/\/sintema.org.br\/sintema\/pressao-dos-trabalhadores-adia-votacao-do-pls-55515\/","title":{"rendered":"Press\u00e3o dos trabalhadores adia vota\u00e7\u00e3o do PLS 555\/15"},"content":{"rendered":"<p><a href=\"http:\/\/sintema.org.br\/sintema\/wp-content\/uploads\/2016\/02\/PLS-555.jpg\"><img loading=\"lazy\" class=\"alignnone  wp-image-7119\" alt=\"PLS 555\" src=\"http:\/\/sintema.org.br\/sintema\/wp-content\/uploads\/2016\/02\/PLS-555.jpg\" width=\"420\" height=\"302\" srcset=\"https:\/\/sintema.org.br\/sintema\/wp-content\/uploads\/2016\/02\/PLS-555.jpg 700w, https:\/\/sintema.org.br\/sintema\/wp-content\/uploads\/2016\/02\/PLS-555-300x215.jpg 300w\" sizes=\"(max-width: 420px) 100vw, 420px\" \/><\/a><\/p>\n<p>Em conjunto com outras entidades do movimento sindical, a FASUBRA participou da mobiliza\u00e7\u00e3o no Senado Federal para barrar a vota\u00e7\u00e3o do <a href=\"http:\/\/www25.senado.leg.br\/web\/atividade\/materias\/-\/materia\/122838\">Projeto de Lei no Senado (PLS) 555 de 2015<\/a> (privatiza\u00e7\u00e3o das estatais), ocorrida na \u00faltima ter\u00e7a-feira, 16. Foram realizadas visitas aos parlamentares solicitando apoio contra o projeto.<\/p>\n<p>Na ocasi\u00e3o, houve comprometimento por parte de 33 senadores para votar contr\u00e1rio ou aprovar o substitutivo do senador Roberto Requi\u00e3o (PMDB\/PR), ou at\u00e9 mesmo apresentarem emendas ao projeto. Com o sucesso da a\u00e7\u00e3o, a sess\u00e3o foi adiada, possibilitando que haja maior organiza\u00e7\u00e3o dos sindicatos, centrais sindicais e federa\u00e7\u00f5es na luta contra o PLS 555.<\/p>\n<p>A FASUBRA orienta os sindicatos de base a enviar of\u00edcios aos parlamentares de seus estados, solicitando apoio contra o PLS 555\/15, justificando a amea\u00e7a que representa as empresas estatais na m\u00e3o do capital, que visa o lucro, colocando em risco pol\u00edticas sociais que beneficiam a popula\u00e7\u00e3o brasileira, tais como programas que facilitam o financiamento da casa pr\u00f3pria.<\/p>\n<p>O presidente do Senado, Renan Calheiros, afirmou que na pr\u00f3xima semana a pauta da casa ser\u00e1 branda, sinalizando tempo para prosseguir com as discuss\u00f5es de temas pol\u00eamicos que recha\u00e7am o direito dos trabalhadores.\u00a0 A retomada das discuss\u00f5es sobre o PLS 555\/15 e o <a href=\"http:\/\/www25.senado.leg.br\/web\/atividade\/materias\/-\/materia\/120179\">Projeto de Lei no Senado n\u00ba 131 de 2015<\/a>, que visa retirar a Petrobr\u00e1s da condi\u00e7\u00e3o de operadora \u00fanica do Pr\u00e9-Sal, de autoria do senador Jos\u00e9 Serra (PSDB\/SP), ser\u00e1 na semana do dia 29 de fevereiro, abrindo o m\u00eas de mar\u00e7o.<\/p>\n<p>\u00c9 imprescind\u00edvel a participa\u00e7\u00e3o dos trabalhadores neste momento hist\u00f3rico em que o atual Congresso, caminha na contram\u00e3o do bem estar social garantido pela Constitui\u00e7\u00e3o Federal e, muitas vezes, ignorado por interesses mercantis.<\/p>\n<p align=\"center\"><b>Assessoria de Comunica\u00e7\u00e3o<\/b><\/p>\n<p style=\"text-align: left;\" align=\"center\">Fonte: Fasubra.<\/p>\n","protected":false},"excerpt":{"rendered":"<p>Em conjunto com outras entidades do movimento sindical, a FASUBRA participou da mobiliza\u00e7\u00e3o no Senado Federal para barrar a vota\u00e7\u00e3o do Projeto de Lei no Senado (PLS) 555 de 2015 (privatiza\u00e7\u00e3o das estatais), ocorrida na \u00faltima ter\u00e7a-feira, 16. Foram realizadas visitas aos parlamentares solicitando apoio contra o projeto. Na ocasi\u00e3o, houve comprometimento por parte de [&hellip;]<\/p>\n","protected":false},"author":2,"featured_media":0,"comment_status":"open","ping_status":"open","sticky":false,"template":"","format":"standard","meta":[],"categories":[5,18],"tags":[],"_links":{"self":[{"href":"https:\/\/sintema.org.br\/sintema\/wp-json\/wp\/v2\/posts\/7118"}],"collection":[{"href":"https:\/\/sintema.org.br\/sintema\/wp-json\/wp\/v2\/posts"}],"about":[{"href":"https:\/\/sintema.org.br\/sintema\/wp-json\/wp\/v2\/types\/post"}],"author":[{"embeddable":true,"href":"https:\/\/sintema.org.br\/sintema\/wp-json\/wp\/v2\/users\/2"}],"replies":[{"embeddable":true,"href":"https:\/\/sintema.org.br\/sintema\/wp-json\/wp\/v2\/comments?post=7118"}],"version-history":[{"count":1,"href":"https:\/\/sintema.org.br\/sintema\/wp-json\/wp\/v2\/posts\/7118\/revisions"}],"predecessor-version":[{"id":7120,"href":"https:\/\/sintema.org.br\/sintema\/wp-json\/wp\/v2\/posts\/7118\/revisions\/7120"}],"wp:attachment":[{"href":"https:\/\/sintema.org.br\/sintema\/wp-json\/wp\/v2\/media?parent=7118"}],"wp:term":[{"taxonomy":"category","embeddable":true,"href":"https:\/\/sintema.org.br\/sintema\/wp-json\/wp\/v2\/categories?post=7118"},{"taxonomy":"post_tag","embeddable":true,"href":"https:\/\/sintema.org.br\/sintema\/wp-json\/wp\/v2\/tags?post=7118"}],"curies":[{"name":"wp","href":"https:\/\/api.w.org\/{rel}","templated":true}]}}