{"id":7131,"date":"2016-02-23T18:10:31","date_gmt":"2016-02-23T18:10:31","guid":{"rendered":"http:\/\/sintema.org.br\/sintema\/?p=7131"},"modified":"2016-02-23T18:10:31","modified_gmt":"2016-02-23T18:10:31","slug":"sintema-convida-para-reuniao-de-organizacao-do-ato-em-defesa-da-democracia","status":"publish","type":"post","link":"https:\/\/sintema.org.br\/sintema\/sintema-convida-para-reuniao-de-organizacao-do-ato-em-defesa-da-democracia\/","title":{"rendered":"Sintema convida para reuni\u00e3o de organiza\u00e7\u00e3o do Ato em Defesa da Democracia"},"content":{"rendered":"<p>Para melhor visualiza\u00e7\u00e3o clique na imagem:<\/p>\n<p><a href=\"http:\/\/sintema.org.br\/sintema\/wp-content\/uploads\/2016\/02\/1234.png\"><img loading=\"lazy\" class=\"alignnone  wp-image-7132\" alt=\"1234\" src=\"http:\/\/sintema.org.br\/sintema\/wp-content\/uploads\/2016\/02\/1234-1024x723.png\" width=\"448\" height=\"316\" srcset=\"https:\/\/sintema.org.br\/sintema\/wp-content\/uploads\/2016\/02\/1234-1024x723.png 1024w, https:\/\/sintema.org.br\/sintema\/wp-content\/uploads\/2016\/02\/1234-300x212.png 300w, https:\/\/sintema.org.br\/sintema\/wp-content\/uploads\/2016\/02\/1234.png 1157w\" sizes=\"(max-width: 448px) 100vw, 448px\" \/><\/a><\/p>\n","protected":false},"excerpt":{"rendered":"<p>Para melhor visualiza\u00e7\u00e3o clique na imagem:<\/p>\n","protected":false},"author":2,"featured_media":0,"comment_status":"open","ping_status":"open","sticky":false,"template":"","format":"standard","meta":[],"categories":[5],"tags":[],"_links":{"self":[{"href":"https:\/\/sintema.org.br\/sintema\/wp-json\/wp\/v2\/posts\/7131"}],"collection":[{"href":"https:\/\/sintema.org.br\/sintema\/wp-json\/wp\/v2\/posts"}],"about":[{"href":"https:\/\/sintema.org.br\/sintema\/wp-json\/wp\/v2\/types\/post"}],"author":[{"embeddable":true,"href":"https:\/\/sintema.org.br\/sintema\/wp-json\/wp\/v2\/users\/2"}],"replies":[{"embeddable":true,"href":"https:\/\/sintema.org.br\/sintema\/wp-json\/wp\/v2\/comments?post=7131"}],"version-history":[{"count":2,"href":"https:\/\/sintema.org.br\/sintema\/wp-json\/wp\/v2\/posts\/7131\/revisions"}],"predecessor-version":[{"id":7134,"href":"https:\/\/sintema.org.br\/sintema\/wp-json\/wp\/v2\/posts\/7131\/revisions\/7134"}],"wp:attachment":[{"href":"https:\/\/sintema.org.br\/sintema\/wp-json\/wp\/v2\/media?parent=7131"}],"wp:term":[{"taxonomy":"category","embeddable":true,"href":"https:\/\/sintema.org.br\/sintema\/wp-json\/wp\/v2\/categories?post=7131"},{"taxonomy":"post_tag","embeddable":true,"href":"https:\/\/sintema.org.br\/sintema\/wp-json\/wp\/v2\/tags?post=7131"}],"curies":[{"name":"wp","href":"https:\/\/api.w.org\/{rel}","templated":true}]}}