{"id":7135,"date":"2016-02-23T18:18:13","date_gmt":"2016-02-23T18:18:13","guid":{"rendered":"http:\/\/sintema.org.br\/sintema\/?p=7135"},"modified":"2016-02-23T18:18:13","modified_gmt":"2016-02-23T18:18:13","slug":"atencao-convite-sindufma","status":"publish","type":"post","link":"https:\/\/sintema.org.br\/sintema\/atencao-convite-sindufma\/","title":{"rendered":"ATEN\u00c7\u00c3O: CONVITE SINDUFMA"},"content":{"rendered":"<p style=\"text-align: justify;\"><a href=\"http:\/\/sintema.org.br\/sintema\/wp-content\/uploads\/2016\/02\/sindufma.jpg\"><img loading=\"lazy\" class=\"alignnone size-full wp-image-7136\" alt=\"sindufma\" src=\"http:\/\/sintema.org.br\/sintema\/wp-content\/uploads\/2016\/02\/sindufma.jpg\" width=\"320\" height=\"146\" srcset=\"https:\/\/sintema.org.br\/sintema\/wp-content\/uploads\/2016\/02\/sindufma.jpg 320w, https:\/\/sintema.org.br\/sintema\/wp-content\/uploads\/2016\/02\/sindufma-300x136.jpg 300w\" sizes=\"(max-width: 320px) 100vw, 320px\" \/><\/a><\/p>\n<p style=\"text-align: justify;\">Prezados(as) companheiros(as);<\/p>\n<p style=\"text-align: justify;\">A presidente do Sindicato das Universidades Federais do Maranh\u00e3o (SINDUFMA), Li-Chang Shuen Cristina Silva Sousa, tem o prazer de convid\u00e1-los para participar do <b>DEBATE: OS FLUXOS DE RECURSOS P\u00daBLICOS PARA A EDUCA\u00c7\u00c3O SUPERIOR PRIVADA<\/b>, que contar\u00e1 com a presen\u00e7a do professor Gil Vicente Reis de Figueiredo, membro do F\u00f3rum Nacional de Educa\u00e7\u00e3o e diretor do PROIFES, no<span style=\"color: #008000;\"><strong> dia 24 de fevereiro do presente ano, \u00e0s 15:00h, no audit\u00f3rio da PPPG, localizado no CEB Velho.<\/strong><\/span><\/p>\n<p style=\"text-align: justify;\">O debate, que ser\u00e1 realizado em parceria com o Sindicato dos Professores do Estado do Maranh\u00e3o (SINPROESEMMA) e a Federa\u00e7\u00e3o de Sindicatos PROIFES, tem com o objetivo alavancar a discuss\u00e3o sobre o crescimento de repasses financeiros dos cofres p\u00fablicos \u00e0 educa\u00e7\u00e3o superior privada, que no ano de 2017 superar\u00e1 possivelmente o patamar de 0,4% do PIB, equivalente a 60% de todo o or\u00e7amento das Universidades e Institutos Federais.<\/p>\n<p style=\"text-align: justify;\">Contamos com sua presen\u00e7a.<\/p>\n<p style=\"text-align: justify;\">Atenciosamente,<\/p>\n<p style=\"text-align: justify;\" align=\"center\">\u00a0<em>Li-Chang Shuen Cristina Silva Sousa<\/em><\/p>\n<p style=\"text-align: justify;\" align=\"center\">Presidente do SINDUFMA<\/p>\n","protected":false},"excerpt":{"rendered":"<p>Prezados(as) companheiros(as); A presidente do Sindicato das Universidades Federais do Maranh\u00e3o (SINDUFMA), Li-Chang Shuen Cristina Silva Sousa, tem o prazer de convid\u00e1-los para participar do DEBATE: OS FLUXOS DE RECURSOS P\u00daBLICOS PARA A EDUCA\u00c7\u00c3O SUPERIOR PRIVADA, que contar\u00e1 com a presen\u00e7a do professor Gil Vicente Reis de Figueiredo, membro do F\u00f3rum Nacional de Educa\u00e7\u00e3o e [&hellip;]<\/p>\n","protected":false},"author":2,"featured_media":0,"comment_status":"open","ping_status":"open","sticky":false,"template":"","format":"standard","meta":[],"categories":[5],"tags":[],"_links":{"self":[{"href":"https:\/\/sintema.org.br\/sintema\/wp-json\/wp\/v2\/posts\/7135"}],"collection":[{"href":"https:\/\/sintema.org.br\/sintema\/wp-json\/wp\/v2\/posts"}],"about":[{"href":"https:\/\/sintema.org.br\/sintema\/wp-json\/wp\/v2\/types\/post"}],"author":[{"embeddable":true,"href":"https:\/\/sintema.org.br\/sintema\/wp-json\/wp\/v2\/users\/2"}],"replies":[{"embeddable":true,"href":"https:\/\/sintema.org.br\/sintema\/wp-json\/wp\/v2\/comments?post=7135"}],"version-history":[{"count":1,"href":"https:\/\/sintema.org.br\/sintema\/wp-json\/wp\/v2\/posts\/7135\/revisions"}],"predecessor-version":[{"id":7137,"href":"https:\/\/sintema.org.br\/sintema\/wp-json\/wp\/v2\/posts\/7135\/revisions\/7137"}],"wp:attachment":[{"href":"https:\/\/sintema.org.br\/sintema\/wp-json\/wp\/v2\/media?parent=7135"}],"wp:term":[{"taxonomy":"category","embeddable":true,"href":"https:\/\/sintema.org.br\/sintema\/wp-json\/wp\/v2\/categories?post=7135"},{"taxonomy":"post_tag","embeddable":true,"href":"https:\/\/sintema.org.br\/sintema\/wp-json\/wp\/v2\/tags?post=7135"}],"curies":[{"name":"wp","href":"https:\/\/api.w.org\/{rel}","templated":true}]}}