{"id":7138,"date":"2016-02-23T19:12:48","date_gmt":"2016-02-23T19:12:48","guid":{"rendered":"http:\/\/sintema.org.br\/sintema\/?p=7138"},"modified":"2016-02-23T19:18:08","modified_gmt":"2016-02-23T19:18:08","slug":"contra-aumento-abusivo-sintema-aciona-geap-saude-na-justica","status":"publish","type":"post","link":"https:\/\/sintema.org.br\/sintema\/contra-aumento-abusivo-sintema-aciona-geap-saude-na-justica\/","title":{"rendered":"Contra aumento abusivo, Sintema aciona GEAP Sa\u00fade na Justi\u00e7a"},"content":{"rendered":"[caption id=\"attachment_6733\" align=\"alignnone\" width=\"380\"]<a href=\"http:\/\/sintema.org.br\/sintema\/wp-content\/uploads\/2015\/10\/MARIANOMESA.jpg\"><img loading=\"lazy\" class=\" wp-image-6733   \" alt=\"Mariano Azevedo aparece ao lado do assessor jur\u00eddico do Sintema, Glaydson Rodrigues, e do diretor sindical, Miguel Barbosa.\" src=\"http:\/\/sintema.org.br\/sintema\/wp-content\/uploads\/2015\/10\/MARIANOMESA.jpg\" width=\"380\" height=\"254\" srcset=\"https:\/\/sintema.org.br\/sintema\/wp-content\/uploads\/2015\/10\/MARIANOMESA.jpg 880w, https:\/\/sintema.org.br\/sintema\/wp-content\/uploads\/2015\/10\/MARIANOMESA-300x200.jpg 300w\" sizes=\"(max-width: 380px) 100vw, 380px\" \/><\/a> Mariano Azevedo aparece ao lado do assessor jur\u00eddico do Sintema, Glaydson Rodrigues, e do diretor sindical, Miguel Barbosa.[\/caption]\n<p>Por determina\u00e7\u00e3o da Dire\u00e7\u00e3o do Sintema, gest\u00e3o &#8220;Unidade &amp; Trabalho&#8221;, a assessoria jur\u00eddica do sindicato ajuizou a\u00e7\u00e3o coletiva contra o aumento abusivo praticado pela GEAP Sa\u00fade.<\/p>\n<p>O reajuste \u00e9 de 37,55%, por\u00e9m, estudos iniciais realizados por institutos de defesa do consumidor indicam que o percentual na mensalidade pode ser bem maior, entre 45,38% e mais de 1.000%, se forem levados em conta, crit\u00e9rios de renda e idade dos benefici\u00e1rios.<\/p>\n<p>Para o presidente do Sintema, Mariano Azevedo, os usu\u00e1rios da GEAP n\u00e3o podem arcar com os altos custos ocasionados por m\u00e1 gest\u00e3o administrativa e por diretrizes equivocadas tomadas pela Ag\u00eancia Nacional de Sa\u00fade &#8211; ANS que v\u00eam prejudicando de forma sistem\u00e1tica as autogest\u00f5es.<\/p>\n<p>Todos os detalhes da a\u00e7\u00e3o e das medidas encaminhadas pelo SINTEMA para proteger os integrantes da categoria que possuem conv\u00eanio com a GEAP Sa\u00fade ser\u00e3o abordados durante a reuni\u00e3o marcada para acontecer dia dia 02 de mar\u00e7o de 2016, \u00e0s 9 horas, no audit\u00f3rio central da UFMA.<\/p>\n<p><em>Imprensa Sintema.<\/em><\/p>\n","protected":false},"excerpt":{"rendered":"<p>Por determina\u00e7\u00e3o da Dire\u00e7\u00e3o do Sintema, gest\u00e3o &#8220;Unidade &amp; Trabalho&#8221;, a assessoria jur\u00eddica do sindicato ajuizou a\u00e7\u00e3o coletiva contra o aumento abusivo praticado pela GEAP Sa\u00fade. O reajuste \u00e9 de 37,55%, por\u00e9m, estudos iniciais realizados por institutos de defesa do consumidor indicam que o percentual na mensalidade pode ser bem maior, entre 45,38% e mais [&hellip;]<\/p>\n","protected":false},"author":2,"featured_media":0,"comment_status":"open","ping_status":"open","sticky":false,"template":"","format":"standard","meta":[],"categories":[5],"tags":[],"_links":{"self":[{"href":"https:\/\/sintema.org.br\/sintema\/wp-json\/wp\/v2\/posts\/7138"}],"collection":[{"href":"https:\/\/sintema.org.br\/sintema\/wp-json\/wp\/v2\/posts"}],"about":[{"href":"https:\/\/sintema.org.br\/sintema\/wp-json\/wp\/v2\/types\/post"}],"author":[{"embeddable":true,"href":"https:\/\/sintema.org.br\/sintema\/wp-json\/wp\/v2\/users\/2"}],"replies":[{"embeddable":true,"href":"https:\/\/sintema.org.br\/sintema\/wp-json\/wp\/v2\/comments?post=7138"}],"version-history":[{"count":2,"href":"https:\/\/sintema.org.br\/sintema\/wp-json\/wp\/v2\/posts\/7138\/revisions"}],"predecessor-version":[{"id":7140,"href":"https:\/\/sintema.org.br\/sintema\/wp-json\/wp\/v2\/posts\/7138\/revisions\/7140"}],"wp:attachment":[{"href":"https:\/\/sintema.org.br\/sintema\/wp-json\/wp\/v2\/media?parent=7138"}],"wp:term":[{"taxonomy":"category","embeddable":true,"href":"https:\/\/sintema.org.br\/sintema\/wp-json\/wp\/v2\/categories?post=7138"},{"taxonomy":"post_tag","embeddable":true,"href":"https:\/\/sintema.org.br\/sintema\/wp-json\/wp\/v2\/tags?post=7138"}],"curies":[{"name":"wp","href":"https:\/\/api.w.org\/{rel}","templated":true}]}}