{"id":7141,"date":"2016-02-25T18:35:01","date_gmt":"2016-02-25T18:35:01","guid":{"rendered":"http:\/\/sintema.org.br\/sintema\/?p=7141"},"modified":"2016-02-25T18:50:51","modified_gmt":"2016-02-25T18:50:51","slug":"sindicatos-paralisam-atividades-em-todo-o-brasil","status":"publish","type":"post","link":"https:\/\/sintema.org.br\/sintema\/sindicatos-paralisam-atividades-em-todo-o-brasil\/","title":{"rendered":"Sindicatos paralisam atividades em todo o Brasil"},"content":{"rendered":"<p><b>Paralisa\u00e7\u00e3o no Rio Grande do Norte<\/b><\/p>\n<p>Pela manh\u00e3, os trabalhadores t\u00e9cnico-administrativos realizaram um ato p\u00fablico em frente ao\u00a0Hospital Universit\u00e1rio Onofre Lopes\u00a0em Natal-RN, contra a cess\u00e3o de servidores \u00e0 Empresa Brasileira de Servi\u00e7os Hospitalares (Ebserh).<\/p>\n<p>Ap\u00f3s, seguiram em marcha \u00e0 C\u00e2mara Municipal para audi\u00eancia p\u00fablica solicitada por Sandro Pimentel, t\u00e9cnico-administrativo da Universidade Federal do Rio Grande do Norte (UFRN).<\/p>\n<p>Com o tema: &#8220;Cess\u00e3o de servidores dos hospitais universit\u00e1rios: solu\u00e7\u00e3o, caos ou abandono?&#8221;, a audi\u00eancia tem o objetivo de discutir as rela\u00e7\u00f5es de trabalho no ambiente hospitalar.<\/p>\n<p>A ades\u00e3o \u00e0 Empresa Brasileira de Servi\u00e7os Hospitalares (Ebserh) para gest\u00e3o de alguns hospitais universit\u00e1rios tem gerado desconforto nas rela\u00e7\u00f5es interpessoais entre trabalhadores estatut\u00e1rios \u2013 servidores p\u00fablicos do Regime Jur\u00eddico \u00danico (RJU) \u2013 e trabalhadores celetistas \u2013 funcion\u00e1rios de empresa p\u00fablica, regidos pela Consolida\u00e7\u00e3o das Leis do Trabalho (CLT).<\/p>\n<p><a href=\"http:\/\/sintema.org.br\/sintema\/wp-content\/uploads\/2016\/02\/Audincia-Pblica-RN-1-web-1.jpg\"><img loading=\"lazy\" class=\"alignnone size-full wp-image-7142\" alt=\"Audincia Pblica RN 1 web (1)\" src=\"http:\/\/sintema.org.br\/sintema\/wp-content\/uploads\/2016\/02\/Audincia-Pblica-RN-1-web-1.jpg\" width=\"640\" height=\"478\" srcset=\"https:\/\/sintema.org.br\/sintema\/wp-content\/uploads\/2016\/02\/Audincia-Pblica-RN-1-web-1.jpg 640w, https:\/\/sintema.org.br\/sintema\/wp-content\/uploads\/2016\/02\/Audincia-Pblica-RN-1-web-1-300x224.jpg 300w\" sizes=\"(max-width: 640px) 100vw, 640px\" \/><\/a><\/p>\n<p><b>Informa\u00e7\u00f5es:<\/b>\u00a0L\u00edvia Cavalcante<br \/>\nJornalista \u2013 Sindicato Estadual dos Trabalhadores em Educa\u00e7\u00e3o do Ensino Superior &#8211; SintestRN<\/p>\n<p><b>Paralisa\u00e7\u00e3o em Minas Gerais<\/b><br \/>\nNas bases do SINDIFES houve mobiliza\u00e7\u00e3o e panfletagem.<\/p>\n<p>No Hospital de Cl\u00ednicas da Universidade Federal de Minas Gerais (UFMG) em Belo Horizonte, houve panfletagem e conversa com os trabalhadores e o p\u00fablico.<\/p>\n<p><a href=\"http:\/\/sintema.org.br\/sintema\/wp-content\/uploads\/2016\/02\/Paralisao-base-da-UFMG-1-web.jpg\"><img loading=\"lazy\" class=\"alignnone  wp-image-7143\" alt=\"Paralisao base da UFMG 1 web\" src=\"http:\/\/sintema.org.br\/sintema\/wp-content\/uploads\/2016\/02\/Paralisao-base-da-UFMG-1-web.jpg\" width=\"384\" height=\"216\" srcset=\"https:\/\/sintema.org.br\/sintema\/wp-content\/uploads\/2016\/02\/Paralisao-base-da-UFMG-1-web.jpg 640w, https:\/\/sintema.org.br\/sintema\/wp-content\/uploads\/2016\/02\/Paralisao-base-da-UFMG-1-web-300x168.jpg 300w\" sizes=\"(max-width: 384px) 100vw, 384px\" \/><\/a><\/p>\n<p><b>Base:<\/b>\u00a0institui\u00e7\u00f5es federais de ensino (IFES) de Belo Horizonte (UFMG e CEFET-MG e IFMG) e da Universidade Federal do Vale do Jequitinhonha e Mucuri (UFVJM).<\/p>\n<p><b>Informa\u00e7\u00f5es:<\/b>\u00a0Sindicato dos Trabalhadores nas Institui\u00e7\u00f5es Federais de Ensino \u2013 SINDIFES<\/p>\n<p><b>Paralisa\u00e7\u00e3o no Mato Grosso do Sul<\/b><\/p>\n<p>Mobiliza\u00e7\u00e3o dos trabalhadores na entrada do Hospital Universit\u00e1rio Maria Aparecida Pedrossian em Campo Grande-MS, com panfletagem.<\/p>\n<p><a href=\"http:\/\/sintema.org.br\/sintema\/wp-content\/uploads\/2016\/02\/Paralisao-UFMS-2-web.jpg\"><img loading=\"lazy\" class=\"alignnone size-full wp-image-7144\" alt=\"Paralisao UFMS 2 web\" src=\"http:\/\/sintema.org.br\/sintema\/wp-content\/uploads\/2016\/02\/Paralisao-UFMS-2-web.jpg\" width=\"640\" height=\"360\" srcset=\"https:\/\/sintema.org.br\/sintema\/wp-content\/uploads\/2016\/02\/Paralisao-UFMS-2-web.jpg 640w, https:\/\/sintema.org.br\/sintema\/wp-content\/uploads\/2016\/02\/Paralisao-UFMS-2-web-300x168.jpg 300w\" sizes=\"(max-width: 640px) 100vw, 640px\" \/><\/a><\/p>\n<p><b>Informa\u00e7\u00f5es:<\/b>\u00a0Sindicato dos Trabalhadores em Educa\u00e7\u00e3o da Funda\u00e7\u00e3o Universidade Federal de Mato Grosso do Sul &#8211; Sista-MS<\/p>\n<p><b>Paralisa\u00e7\u00e3o no Par\u00e1<a href=\"http:\/\/sintema.org.br\/sintema\/wp-content\/uploads\/2016\/02\/Paralisao-UFPA-web.jpg\"><img loading=\"lazy\" class=\"alignnone size-full wp-image-7145\" alt=\"Paralisao UFPA web\" src=\"http:\/\/sintema.org.br\/sintema\/wp-content\/uploads\/2016\/02\/Paralisao-UFPA-web.jpg\" width=\"640\" height=\"360\" srcset=\"https:\/\/sintema.org.br\/sintema\/wp-content\/uploads\/2016\/02\/Paralisao-UFPA-web.jpg 640w, https:\/\/sintema.org.br\/sintema\/wp-content\/uploads\/2016\/02\/Paralisao-UFPA-web-300x168.jpg 300w\" sizes=\"(max-width: 640px) 100vw, 640px\" \/><\/a><\/b><\/p>\n<p>Trabalhadores t\u00e9cnico-administrativos fecharam o port\u00e3o do Hospital Universit\u00e1rio Jo\u00e3o de Barros Barreto em Bel\u00e9m-PA.<\/p>\n<p><b>Informa\u00e7\u00f5es:<\/b>\u00a0Sindicato dos Trabalhadores das Institui\u00e7\u00f5es Federais de Ensino Superior no Estado do Par\u00e1.- Sinditfes<\/p>\n<p><b>Paralisa\u00e7\u00e3o em S\u00e3o Carlos-SP<\/b><\/p>\n<p>Reunidos em assembleia na manh\u00e3 de hoje, os servidores da Universidade Federal de S\u00e3o Carlos (UFSCar) aprovaram a paralisa\u00e7\u00e3o.<\/p>\n<p>Os trabalhadores s\u00e3o contr\u00e1rios \u00e0 PEC 395\/2014 que estipula a cobran\u00e7a dos cursos de especializa\u00e7\u00e3o nas universidades, em defesa dos Hospitais Universit\u00e1rios e contra a cess\u00e3o dos trabalhadores estatut\u00e1rios \u00e0 Empresa Brasileira de Servi\u00e7os Hospitalares (Ebserh), contra a Funda\u00e7\u00e3o de Previd\u00eancia Complementar do Servidor P\u00fablico Federal (Funpresp) e as demais propostas de Previd\u00eancia Complementar e Contra a reforma da Previd\u00eancia.<\/p>\n<p><a href=\"http:\/\/sintema.org.br\/sintema\/wp-content\/uploads\/2016\/02\/Paralisao-So-Carlos-web.jpg\"><img loading=\"lazy\" class=\"alignnone size-full wp-image-7146\" alt=\"Paralisao So Carlos web\" src=\"http:\/\/sintema.org.br\/sintema\/wp-content\/uploads\/2016\/02\/Paralisao-So-Carlos-web.jpg\" width=\"640\" height=\"360\" srcset=\"https:\/\/sintema.org.br\/sintema\/wp-content\/uploads\/2016\/02\/Paralisao-So-Carlos-web.jpg 640w, https:\/\/sintema.org.br\/sintema\/wp-content\/uploads\/2016\/02\/Paralisao-So-Carlos-web-300x168.jpg 300w\" sizes=\"(max-width: 640px) 100vw, 640px\" \/><\/a><\/p>\n<p><b>Informa\u00e7\u00f5es:<\/b>\u00a0Vanessa Presse<br \/>\nJornalista &#8211; Sindicato dos Trabalhadores T\u00e9cnico &#8211; Administrativos da UFSCar (SINTUFSCar)<\/p>\n<p><b>Paralisa\u00e7\u00e3o em Fortaleza-CE<\/b><\/p>\n<p>Cerca de 400 pessoas participam, agora, do ato na Maternidade-Escola Assis Chateaubriand (Meac) da Universidade Federal do Cear\u00e1 (UFC) contra a cess\u00e3o de trabalhadores t\u00e9cnico-administrativos para a Ebserh.<\/p>\n<p>Trabalhadores terceirizados, que ser\u00e3o demitidos, tamb\u00e9m fortalecem a luta.<\/p>\n<p><a href=\"http:\/\/sintema.org.br\/sintema\/wp-content\/uploads\/2016\/02\/Paralisao-no-Cear-3-web.jpg\"><img loading=\"lazy\" class=\"alignnone size-full wp-image-7147\" alt=\"Paralisao no Cear  3 web\" src=\"http:\/\/sintema.org.br\/sintema\/wp-content\/uploads\/2016\/02\/Paralisao-no-Cear-3-web.jpg\" width=\"640\" height=\"480\" srcset=\"https:\/\/sintema.org.br\/sintema\/wp-content\/uploads\/2016\/02\/Paralisao-no-Cear-3-web.jpg 640w, https:\/\/sintema.org.br\/sintema\/wp-content\/uploads\/2016\/02\/Paralisao-no-Cear-3-web-300x225.jpg 300w\" sizes=\"(max-width: 640px) 100vw, 640px\" \/><\/a><\/p>\n<p><strong>Informa\u00e7\u00f5es:<\/strong>\u00a0Luciana de Paula<br \/>\nJornalista &#8211; Sindicato dos Trabalhadores das Universidades Federais do Estado do Cear\u00e1 \u2013 Sintufce<\/p>\n<p><b>Paralisa\u00e7\u00e3o em Rio Grande-RS<\/b><\/p>\n<p>Categoria deliberou por paralisar e fazer entrega de of\u00edcio ao reitoria solicitando celeridade no processo das 30 horas locais e reivindica\u00e7\u00f5es da pauta nacional.<\/p>\n<p><a href=\"http:\/\/sintema.org.br\/sintema\/wp-content\/uploads\/2016\/02\/Paralisao-FURG-2-web.jpg\"><img loading=\"lazy\" class=\"alignnone size-full wp-image-7148\" alt=\"Paralisao FURG 2 web\" src=\"http:\/\/sintema.org.br\/sintema\/wp-content\/uploads\/2016\/02\/Paralisao-FURG-2-web.jpg\" width=\"640\" height=\"480\" srcset=\"https:\/\/sintema.org.br\/sintema\/wp-content\/uploads\/2016\/02\/Paralisao-FURG-2-web.jpg 640w, https:\/\/sintema.org.br\/sintema\/wp-content\/uploads\/2016\/02\/Paralisao-FURG-2-web-300x225.jpg 300w\" sizes=\"(max-width: 640px) 100vw, 640px\" \/><\/a><\/p>\n<p><b>Informa\u00e7\u00f5es:<\/b>\u00a0M\u00e1rcio<br \/>\nJornalista &#8211; Sindicato do Pessoal T\u00e9cnico-Administrativo da Universidade Federal do Rio Grande &#8211; Aptafurg.<\/p>\n<p><b>Paralisa\u00e7\u00e3o em Sergipe<\/b><\/p>\n<p>Em Sergipe, t\u00e9cnicos administrativos se reuniram na porta do Hospital Universit\u00e1rio em Aracaj\u00fa, para lutar contra a privatiza\u00e7\u00e3o dos servi\u00e7os p\u00fablicos e em defesa dos direitos, com panfletagem e di\u00e1logo com a popula\u00e7\u00e3o, al\u00e9m de debate sobre Ebserh e Funpresp.<\/p>\n<p><a href=\"http:\/\/sintema.org.br\/sintema\/wp-content\/uploads\/2016\/02\/Paralisao-em-Sergipe-1-web.jpg\"><img loading=\"lazy\" class=\"alignnone size-full wp-image-7149\" alt=\"Paralisao em Sergipe 1 web\" src=\"http:\/\/sintema.org.br\/sintema\/wp-content\/uploads\/2016\/02\/Paralisao-em-Sergipe-1-web.jpg\" width=\"640\" height=\"480\" srcset=\"https:\/\/sintema.org.br\/sintema\/wp-content\/uploads\/2016\/02\/Paralisao-em-Sergipe-1-web.jpg 640w, https:\/\/sintema.org.br\/sintema\/wp-content\/uploads\/2016\/02\/Paralisao-em-Sergipe-1-web-300x225.jpg 300w\" sizes=\"(max-width: 640px) 100vw, 640px\" \/><\/a><\/p>\n<p><b>Informa\u00e7\u00f5es:<\/b>\u00a0Thiago Le\u00e3o<br \/>\nJornalista &#8211; Sindicato dos Trabalhadores T\u00e9cnico-administrativos em Educa\u00e7\u00e3o da da Universidade Federal de Sergipe &#8211; SINTUFS<\/p>\n","protected":false},"excerpt":{"rendered":"<p>Paralisa\u00e7\u00e3o no Rio Grande do Norte Pela manh\u00e3, os trabalhadores t\u00e9cnico-administrativos realizaram um ato p\u00fablico em frente ao\u00a0Hospital Universit\u00e1rio Onofre Lopes\u00a0em Natal-RN, contra a cess\u00e3o de servidores \u00e0 Empresa Brasileira de Servi\u00e7os Hospitalares (Ebserh). Ap\u00f3s, seguiram em marcha \u00e0 C\u00e2mara Municipal para audi\u00eancia p\u00fablica solicitada por Sandro Pimentel, t\u00e9cnico-administrativo da Universidade Federal do Rio Grande [&hellip;]<\/p>\n","protected":false},"author":2,"featured_media":0,"comment_status":"open","ping_status":"open","sticky":false,"template":"","format":"standard","meta":[],"categories":[5],"tags":[],"_links":{"self":[{"href":"https:\/\/sintema.org.br\/sintema\/wp-json\/wp\/v2\/posts\/7141"}],"collection":[{"href":"https:\/\/sintema.org.br\/sintema\/wp-json\/wp\/v2\/posts"}],"about":[{"href":"https:\/\/sintema.org.br\/sintema\/wp-json\/wp\/v2\/types\/post"}],"author":[{"embeddable":true,"href":"https:\/\/sintema.org.br\/sintema\/wp-json\/wp\/v2\/users\/2"}],"replies":[{"embeddable":true,"href":"https:\/\/sintema.org.br\/sintema\/wp-json\/wp\/v2\/comments?post=7141"}],"version-history":[{"count":5,"href":"https:\/\/sintema.org.br\/sintema\/wp-json\/wp\/v2\/posts\/7141\/revisions"}],"predecessor-version":[{"id":7154,"href":"https:\/\/sintema.org.br\/sintema\/wp-json\/wp\/v2\/posts\/7141\/revisions\/7154"}],"wp:attachment":[{"href":"https:\/\/sintema.org.br\/sintema\/wp-json\/wp\/v2\/media?parent=7141"}],"wp:term":[{"taxonomy":"category","embeddable":true,"href":"https:\/\/sintema.org.br\/sintema\/wp-json\/wp\/v2\/categories?post=7141"},{"taxonomy":"post_tag","embeddable":true,"href":"https:\/\/sintema.org.br\/sintema\/wp-json\/wp\/v2\/tags?post=7141"}],"curies":[{"name":"wp","href":"https:\/\/api.w.org\/{rel}","templated":true}]}}