{"id":7265,"date":"2016-03-26T14:24:40","date_gmt":"2016-03-26T14:24:40","guid":{"rendered":"http:\/\/sintema.org.br\/sintema\/?p=7265"},"modified":"2016-03-26T14:26:35","modified_gmt":"2016-03-26T14:26:35","slug":"feriado-da-pascoa-e-oportunidade-para-combater-o-aedes-aegypti","status":"publish","type":"post","link":"https:\/\/sintema.org.br\/sintema\/feriado-da-pascoa-e-oportunidade-para-combater-o-aedes-aegypti\/","title":{"rendered":"Feriado da P\u00e1scoa \u00e9 oportunidade para combater o Aedes aegypti"},"content":{"rendered":"<p><em><a href=\"http:\/\/sintema.org.br\/sintema\/wp-content\/uploads\/2016\/03\/combate.jpg\"><img loading=\"lazy\" class=\"alignnone  wp-image-7266\" alt=\"combate\" src=\"http:\/\/sintema.org.br\/sintema\/wp-content\/uploads\/2016\/03\/combate.jpg\" width=\"466\" height=\"275\" srcset=\"https:\/\/sintema.org.br\/sintema\/wp-content\/uploads\/2016\/03\/combate.jpg 777w, https:\/\/sintema.org.br\/sintema\/wp-content\/uploads\/2016\/03\/combate-300x176.jpg 300w\" sizes=\"(max-width: 466px) 100vw, 466px\" \/><\/a><\/em><\/p>\n<p style=\"text-align: justify;\"><em>Minist\u00e9rio da Sa\u00fade orienta a popula\u00e7\u00e3o que realize vistorias em suas casas para eliminar os criadouros do mosquito, durante o feriado nacional<br \/>\n<\/em><\/p>\n<p style=\"text-align: justify;\">\n<p style=\"text-align: justify;\">Em continuidade \u00e0s a\u00e7\u00f5es de mobiliza\u00e7\u00e3o para o enfrentamento \u00e0s doen\u00e7as transmitidas pelo mosquito\u00a0<em>Aedes aegypti<\/em>, o Minist\u00e9rio da Sa\u00fade orienta a popula\u00e7\u00e3o brasileira que reforce as medidas de elimina\u00e7\u00e3o dos criadouros do mosquito durante o feriado que celebra a P\u00e1scoa. A ideia \u00e9 reservar, pelo menos, 15 minutos do feriado para promover uma vistoria nas resid\u00eancias de todo o pa\u00eds, mantendo o ambiente livre de larvas do mosquito.<\/p>\n<p style=\"text-align: justify;\">\n<p style=\"text-align: justify;\">Para quem vai viajar e deixar a casa sozinha, a recomenda\u00e7\u00e3o \u00e9, antes de sair, realizar uma vistoria para eliminar qualquer recipiente que possa acumular \u00e1gua parada. Pratinhos com vasos de planta, lixeiras, baldes, ralos, calhas, garrafas, pneus e at\u00e9 brinquedos podem ser os vil\u00f5es e servir de criadouro. A melhor forma de combater o\u00a0<em>Aedes aegypti<\/em>\u00a0 \u00e9 n\u00e3o deixar o mosquito nascer. Outras iniciativas de prote\u00e7\u00e3o individual tamb\u00e9m podem complementar a preven\u00e7\u00e3o das doen\u00e7as, como o uso de repelentes e inseticidas para o ambiente.<\/p>\n<p style=\"text-align: justify;\">\n<p style=\"text-align: justify;\">O Minist\u00e9rio da Sa\u00fade tem reunido esfor\u00e7os contra o\u00a0<em>Aedes aegypti<\/em>, convocando o poder p\u00fablico e a popula\u00e7\u00e3o. O governo federal mobilizou todos os \u00f3rg\u00e3os federais para atuar conjuntamente neste enfrentamento, al\u00e9m da participa\u00e7\u00e3o dos governos estaduais e municipais. O Brasil tem um programa permanente de preven\u00e7\u00e3o e controle do mosquito, com a\u00e7\u00f5es compartilhadas entre Uni\u00e3o, estados e munic\u00edpios, durante todo o ano. Al\u00e9m do desenvolvimento de a\u00e7\u00f5es de apoio a estados e munic\u00edpios, respons\u00e1veis pela coordena\u00e7\u00e3o e execu\u00e7\u00e3o destas a\u00e7\u00f5es, o Minist\u00e9rio da Sa\u00fade realiza a aquisi\u00e7\u00e3o de insumos estrat\u00e9gicos, como inseticidas e kits de diagn\u00f3sticos, para auxiliar os gestores locais no combate ao mosquito.<strong><br \/>\n<\/strong><\/p>\n<p style=\"text-align: justify;\">\n<p style=\"text-align: justify;\"><strong>OUTRAS A\u00c7\u00d5ES<\/strong>\u00a0&#8211; As escolas p\u00fablicas tamb\u00e9m est\u00e3o envolvidas no combate ao mosquito\u00a0<em>Aedes aegypti<\/em>. Entre os dias\u00a0<span style=\"line-height: 1.5em;\">\u00e7\u00f5es voltadas aos servidores p\u00fablicos no dia 29 de ja<\/span><span style=\"line-height: 1.5em;\">7 e 11 de mar\u00e7o foi realizada a Semana Sa\u00fade na Escola, com o lan\u00e7amento das a\u00e7\u00f5es do Programa Sa\u00fade na Escola. Mais de 18 milh\u00f5es de educandos em 4.787 munic\u00edpios estiveram envolvidos em atividades com a comunidade escolar e equipes de sa\u00fade da Aten\u00e7\u00e3o B\u00e1sica, fortalecendo a mobiliza\u00e7\u00e3o no controle do vetor. A a\u00e7\u00e3o mobilizou as equipes das escolas e das unidades de sa\u00fade, familiares e comunidades, todos que fazem parte da rotina dos educandos. As atividades abrangem desde a educa\u00e7\u00e3o infantil \u00e0 Educa\u00e7\u00e3o de Jovens e Adultos (EJA).<\/span><\/p>\n<p style=\"text-align: justify;\">\n<p style=\"text-align: justify;\">Tamb\u00e9m foram feitas aneiro, no chamado \u201cDia da Faxina\u201d, cujo objetivo foi inspecionar e eliminar poss\u00edveis focos do mosquito nos pr\u00e9dios dos \u00f3rg\u00e3os federais. A a\u00e7\u00e3o foi realizada em minist\u00e9rios, autarquias, ag\u00eancias e demais \u00f3rg\u00e3os vinculados em todo o Brasil.<\/p>\n<p>&nbsp;<\/p>\n<p><strong><em>Da Ag\u00eancia Sa\u00fade<\/em><\/strong><\/p>\n","protected":false},"excerpt":{"rendered":"<p>Minist\u00e9rio da Sa\u00fade orienta a popula\u00e7\u00e3o que realize vistorias em suas casas para eliminar os criadouros do mosquito, durante o feriado nacional Em continuidade \u00e0s a\u00e7\u00f5es de mobiliza\u00e7\u00e3o para o enfrentamento \u00e0s doen\u00e7as transmitidas pelo mosquito\u00a0Aedes aegypti, o Minist\u00e9rio da Sa\u00fade orienta a popula\u00e7\u00e3o brasileira que reforce as medidas de elimina\u00e7\u00e3o dos criadouros do mosquito [&hellip;]<\/p>\n","protected":false},"author":2,"featured_media":0,"comment_status":"open","ping_status":"open","sticky":false,"template":"","format":"standard","meta":[],"categories":[5],"tags":[],"_links":{"self":[{"href":"https:\/\/sintema.org.br\/sintema\/wp-json\/wp\/v2\/posts\/7265"}],"collection":[{"href":"https:\/\/sintema.org.br\/sintema\/wp-json\/wp\/v2\/posts"}],"about":[{"href":"https:\/\/sintema.org.br\/sintema\/wp-json\/wp\/v2\/types\/post"}],"author":[{"embeddable":true,"href":"https:\/\/sintema.org.br\/sintema\/wp-json\/wp\/v2\/users\/2"}],"replies":[{"embeddable":true,"href":"https:\/\/sintema.org.br\/sintema\/wp-json\/wp\/v2\/comments?post=7265"}],"version-history":[{"count":3,"href":"https:\/\/sintema.org.br\/sintema\/wp-json\/wp\/v2\/posts\/7265\/revisions"}],"predecessor-version":[{"id":7268,"href":"https:\/\/sintema.org.br\/sintema\/wp-json\/wp\/v2\/posts\/7265\/revisions\/7268"}],"wp:attachment":[{"href":"https:\/\/sintema.org.br\/sintema\/wp-json\/wp\/v2\/media?parent=7265"}],"wp:term":[{"taxonomy":"category","embeddable":true,"href":"https:\/\/sintema.org.br\/sintema\/wp-json\/wp\/v2\/categories?post=7265"},{"taxonomy":"post_tag","embeddable":true,"href":"https:\/\/sintema.org.br\/sintema\/wp-json\/wp\/v2\/tags?post=7265"}],"curies":[{"name":"wp","href":"https:\/\/api.w.org\/{rel}","templated":true}]}}