{"id":7280,"date":"2016-03-28T14:44:54","date_gmt":"2016-03-28T14:44:54","guid":{"rendered":"http:\/\/sintema.org.br\/sintema\/?p=7280"},"modified":"2016-03-28T14:44:54","modified_gmt":"2016-03-28T14:44:54","slug":"governo-federal-apresenta-projeto-de-lei-complementar-que-atinge-servidores-publicos","status":"publish","type":"post","link":"https:\/\/sintema.org.br\/sintema\/governo-federal-apresenta-projeto-de-lei-complementar-que-atinge-servidores-publicos\/","title":{"rendered":"Governo Federal apresenta Projeto de Lei Complementar que atinge servidores p\u00fablicos"},"content":{"rendered":"<p align=\"center\"><a href=\"http:\/\/sintema.org.br\/sintema\/wp-content\/uploads\/2016\/03\/Ministro-Nelson-Barbosa.png\"><img loading=\"lazy\" class=\"size-full wp-image-7281 aligncenter\" alt=\"Ministro Nelson Barbosa\" src=\"http:\/\/sintema.org.br\/sintema\/wp-content\/uploads\/2016\/03\/Ministro-Nelson-Barbosa.png\" width=\"375\" height=\"222\" srcset=\"https:\/\/sintema.org.br\/sintema\/wp-content\/uploads\/2016\/03\/Ministro-Nelson-Barbosa.png 375w, https:\/\/sintema.org.br\/sintema\/wp-content\/uploads\/2016\/03\/Ministro-Nelson-Barbosa-300x177.png 300w\" sizes=\"(max-width: 375px) 100vw, 375px\" \/><\/a><\/p>\n<p align=\"center\"><i>Refinanciamento de d\u00edvida dos estados cont\u00e9m elemento surpresa para servidores p\u00fablicos.<\/i><\/p>\n<p>O governo federal apresentou na \u00faltima ter\u00e7a-feira, 22, ao Congresso Nacional a proposta de readequa\u00e7\u00e3o fiscal para 2016, por meio do Projeto de Lei Complementar (PLP) 257\/16, que tamb\u00e9m autoriza o refinanciamento da d\u00edvida dos estados e do Distrito Federal e altera\u00e7\u00e3o da Lei de Responsabilidade Fiscal.<\/p>\n<p>A novidade \u00e9 que, os efeitos deste projeto, se aprovado, vai complicar ainda mais a vida dos servidores p\u00fablicos dos munic\u00edpios, estados e Uni\u00e3o. O assunto ser\u00e1 tema da an\u00e1lise de conjuntura da Plen\u00e1ria Nacional Estatut\u00e1ria da FASUBRA Sindical que acontece nos dias 01, 02 e 03 de abril em Bras\u00edlia-DF.<\/p>\n<p>Confira no link abaixo informa\u00e7\u00f5es detalhadas do Departamento Intersindical de Assessoria Parlamentar (DIAP) sobre o assunto.<\/p>\n<p><a href=\"http:\/\/www.diap.org.br\/index.php?option=com_content&amp;view=article&amp;id=25901:novo-ataque-aos-servidores-no-plano-de-auxilio-aos-estados&amp;catid=45:agencia-diap&amp;Itemid=204\"><b>Novo ataque aos servidores no plano de aux\u00edlio aos estados<\/b><\/a><\/p>\n<p><b>\u00a0<\/b><\/p>\n<p><strong>Veja na \u00edntegra o projeto de readequa\u00e7\u00e3o fiscal:<\/strong><\/p>\n<p><a href=\"http:\/\/fazenda.gov.br\/centrais-de-conteudos\/apresentacoes\/2016\/2016-03-21_01_plano-de-auxilio-aos-estados-e-ao-distrito-federal.pdf\/view\" target=\"_self\">Plano de aux\u00edlio aos estados e ao Distrito Federal<\/a><\/p>\n<p><a href=\"http:\/\/fazenda.gov.br\/centrais-de-conteudos\/apresentacoes\/2016\/2016-03-21_02_proposta-de-limite-para-o-crescimento-do-gasto.pdf\/view\" target=\"_self\"> Proposta de limite para o crescimento do gasto<\/a><\/p>\n<p><a href=\"http:\/\/fazenda.gov.br\/noticias\/2016\/marco\/governo-apresenta-medidas-de-reforma-fiscal\/2016-03-21_03_regime-especial-de-contingenciamento.pdf\/view\" target=\"_self\"> Regime especial de contingenciamento<\/a><\/p>\n<p><a href=\"http:\/\/fazenda.gov.br\/noticias\/2016\/marco\/governo-apresenta-medidas-de-reforma-fiscal\/2016-03-21_04_depositos-remunerados.pdf\/view\" target=\"_self\">Dep\u00f3sitos remunerados<\/a><\/p>\n<p>&nbsp;<\/p>\n<p>Fonte: Fasubra.<\/p>\n","protected":false},"excerpt":{"rendered":"<p>Refinanciamento de d\u00edvida dos estados cont\u00e9m elemento surpresa para servidores p\u00fablicos. O governo federal apresentou na \u00faltima ter\u00e7a-feira, 22, ao Congresso Nacional a proposta de readequa\u00e7\u00e3o fiscal para 2016, por meio do Projeto de Lei Complementar (PLP) 257\/16, que tamb\u00e9m autoriza o refinanciamento da d\u00edvida dos estados e do Distrito Federal e altera\u00e7\u00e3o da Lei [&hellip;]<\/p>\n","protected":false},"author":2,"featured_media":0,"comment_status":"open","ping_status":"open","sticky":false,"template":"","format":"standard","meta":[],"categories":[5,18],"tags":[],"_links":{"self":[{"href":"https:\/\/sintema.org.br\/sintema\/wp-json\/wp\/v2\/posts\/7280"}],"collection":[{"href":"https:\/\/sintema.org.br\/sintema\/wp-json\/wp\/v2\/posts"}],"about":[{"href":"https:\/\/sintema.org.br\/sintema\/wp-json\/wp\/v2\/types\/post"}],"author":[{"embeddable":true,"href":"https:\/\/sintema.org.br\/sintema\/wp-json\/wp\/v2\/users\/2"}],"replies":[{"embeddable":true,"href":"https:\/\/sintema.org.br\/sintema\/wp-json\/wp\/v2\/comments?post=7280"}],"version-history":[{"count":1,"href":"https:\/\/sintema.org.br\/sintema\/wp-json\/wp\/v2\/posts\/7280\/revisions"}],"predecessor-version":[{"id":7282,"href":"https:\/\/sintema.org.br\/sintema\/wp-json\/wp\/v2\/posts\/7280\/revisions\/7282"}],"wp:attachment":[{"href":"https:\/\/sintema.org.br\/sintema\/wp-json\/wp\/v2\/media?parent=7280"}],"wp:term":[{"taxonomy":"category","embeddable":true,"href":"https:\/\/sintema.org.br\/sintema\/wp-json\/wp\/v2\/categories?post=7280"},{"taxonomy":"post_tag","embeddable":true,"href":"https:\/\/sintema.org.br\/sintema\/wp-json\/wp\/v2\/tags?post=7280"}],"curies":[{"name":"wp","href":"https:\/\/api.w.org\/{rel}","templated":true}]}}