{"id":7283,"date":"2016-03-30T18:47:12","date_gmt":"2016-03-30T18:47:12","guid":{"rendered":"http:\/\/sintema.org.br\/sintema\/?p=7283"},"modified":"2016-03-30T18:47:12","modified_gmt":"2016-03-30T18:47:12","slug":"sintema-na-luta-em-defesa-dos-trabalhadores-cedidos-a-ebserh","status":"publish","type":"post","link":"https:\/\/sintema.org.br\/sintema\/sintema-na-luta-em-defesa-dos-trabalhadores-cedidos-a-ebserh\/","title":{"rendered":"Sintema na luta em defesa dos trabalhadores cedidos a EBSERH"},"content":{"rendered":"[caption id=\"attachment_6429\" align=\"alignnone\" width=\"406\"]<a href=\"http:\/\/sintema.org.br\/sintema\/wp-content\/uploads\/2015\/08\/mariano.jpg\"><img loading=\"lazy\" class=\" wp-image-6429  \" alt=\"Mariano Azevedo, presidente do SINTEMA.\" src=\"http:\/\/sintema.org.br\/sintema\/wp-content\/uploads\/2015\/08\/mariano.jpg\" width=\"406\" height=\"271\" srcset=\"https:\/\/sintema.org.br\/sintema\/wp-content\/uploads\/2015\/08\/mariano.jpg 677w, https:\/\/sintema.org.br\/sintema\/wp-content\/uploads\/2015\/08\/mariano-300x199.jpg 300w\" sizes=\"(max-width: 406px) 100vw, 406px\" \/><\/a> Mariano Azevedo, presidente do SINTEMA.[\/caption]\n<p>Conforme pedido de representa\u00e7\u00e3o da cess\u00e3o dos trabalhadores t\u00e9cnico-administrativos, o Tribunal de Contas da Uni\u00e3o (TCU), fiscalizou a situa\u00e7\u00e3o dos servidores p\u00fablicos cedidos para os Hospitais Universit\u00e1rios (fato que ocorre em todo o pa\u00eds), que atualmente s\u00e3o geridos pela Empresa Brasileira de Servi\u00e7os\u00a0 Hospitalares (EBSERH).<\/p>\n[caption id=\"attachment_7284\" align=\"alignnone\" width=\"396\"]<a href=\"http:\/\/sintema.org.br\/sintema\/wp-content\/uploads\/2016\/03\/assembleiatocontracessao-58.jpg\"><img loading=\"lazy\" class=\" wp-image-7284 \" alt=\"Servidores da UFRN resistem \u00e0 cess\u00e3o a EBSERH.\" src=\"http:\/\/sintema.org.br\/sintema\/wp-content\/uploads\/2016\/03\/assembleiatocontracessao-58.jpg\" width=\"396\" height=\"263\" srcset=\"https:\/\/sintema.org.br\/sintema\/wp-content\/uploads\/2016\/03\/assembleiatocontracessao-58.jpg 660w, https:\/\/sintema.org.br\/sintema\/wp-content\/uploads\/2016\/03\/assembleiatocontracessao-58-300x199.jpg 300w\" sizes=\"(max-width: 396px) 100vw, 396px\" \/><\/a> Exemplo: servidores da UFRN resistem \u00e0 cess\u00e3o a EBSERH.[\/caption]\n<p>O pedido foi encaminhado ao Tribunal de Contas da Uni\u00e3o &#8211; TCU em detrimento de uma determina\u00e7\u00e3o administrativa da EBSERH, em que o t\u00e9cnico-administrativo cedido \u00e0 \u00e1rea de sa\u00fade acumularia duas matr\u00edculas &#8211; uma como funcion\u00e1rio p\u00fablico; a outra como empregado da empresa alinhado aos par\u00e2metros constitucionais do C\u00f3digo de Legisla\u00e7\u00e3o Trabalhista (CLT).<br \/>\nDiante do fato, o TCU advertiu aos \u00f3rg\u00e3os envolvidos, que a regulamenta\u00e7\u00e3o referente \u00e0 cess\u00e3o aconte\u00e7a em um prazo de 90 dias.<br \/>\nEm defesa dos trabalhadores, a assessoria jur\u00eddica da FASUBRA se reuniu com os assessores do ministro do TCU, Bruno Dantas, para esclarecer o posicionamento da federa\u00e7\u00e3o sobre o caso e, desta forma, pedir o ingresso nos autos do processo formalizado naquele Tribunal.<\/p>\n<p>PARECER JUDICIAL<br \/>\nNo dia 1\u00ba de mar\u00e7o, o Minist\u00e9rio da Educa\u00e7\u00e3o (MEC) apresentou uma proposta de minuta de Portaria para regulamentar a situa\u00e7\u00e3o dos servidores cedidos. J\u00e1 no dia 3 de mar\u00e7o, a assessoria jur\u00eddica da FASUBRA acompanhou o julgamento dos Embargos de Declara\u00e7\u00e3o \u2013 em que o ministro Bruno Dantas decidiu que a cess\u00e3o dos trabalhadores t\u00e9cnico-administrativos n\u00e3o \u00e9 obrigat\u00f3ria, e que depende da concord\u00e2ncia do servidor.\u00a0 O ac\u00f3rd\u00e3o estabelece:<\/p>\n<p><strong><span style=\"color: #000080;\">&#8220;Com efeito, consoante argumentado pela Universidade Federal do Rio Grande do Norte &#8211; UFRN e EBSERH, a cess\u00e3o de servidores \u00e9 uma faculdade para o gestor p\u00fablico, e deve decorrer do interesse do servidor para que seja autorizada pelo \u00f3rg\u00e3o onde est\u00e1 lotado&#8221;.<\/span><\/strong><\/p>\n<p>No Maranh\u00e3o, o presidente do Sintema \u2013 gest\u00e3o Unidade &amp; Trabalho, Mariano Azevedo (imagem acima) disse que o sindicato j\u00e1 est\u00e1 se articulando com a assessoria jur\u00eddica para um encontro com a Reitoria da Universidade Federal do Maranh\u00e3o (UFMA), para requerer da universidade, o ajuizamento de uma a\u00e7\u00e3o em favor dos trabalhadores cedidos ao Hospital Universit\u00e1rio.<br \/>\nO problema ocasionado pela exist\u00eancia de dois v\u00ednculos causa uma confus\u00e3o jur\u00eddica e deixa o servidor sem saber ao certo a que \u00f3rg\u00e3o est\u00e1 vinculado.<\/p>\n<p>&#8220;Estamos atento ao caso desses profissionais e, vamos nos posicionar juridicamente em favor da categoria, chamando tamb\u00e9m a UFMA para compor a iniciativa de ajuizar uma a\u00e7\u00e3o&#8221;, pontuou o presidente do Sintema.<\/p>\n<p>A EBSERH &#8211; A Empresa Brasileira de Servi\u00e7os Hospitalares foi criada atrav\u00e9s da Lei 12.550\/2011, sancionada pela presidente Dilma Roussef. N\u00e3o houve qualquer consulta ou discuss\u00e3o do Governo com os trabalhadores para a cria\u00e7\u00e3o da empresa.<br \/>\nDesta forma, a gest\u00e3o da EBSERH foi imposta aos Hospitais Universit\u00e1rios do pa\u00eds, que passaram obrigatoriamente, a conviver com a mesma.<\/p>\n<p>Em muitos hospitais universit\u00e1rios do pa\u00eds a chegada da EBSERH n\u00e3o melhorou a gest\u00e3o administrativa e de recursos, como prometiam os idealizadores da empresa. Al\u00e9m disso, causa hoje uma confus\u00e3o jur\u00eddica do regime de trabalho de diversos servidores lotados nessas unidades de sa\u00fade.<\/p>\n<p><em>Imprensa Sintema com informa\u00e7\u00f5es do SINTEST e FASUBRA.<\/em><\/p>\n<p>&nbsp;<\/p>\n","protected":false},"excerpt":{"rendered":"<p>Conforme pedido de representa\u00e7\u00e3o da cess\u00e3o dos trabalhadores t\u00e9cnico-administrativos, o Tribunal de Contas da Uni\u00e3o (TCU), fiscalizou a situa\u00e7\u00e3o dos servidores p\u00fablicos cedidos para os Hospitais Universit\u00e1rios (fato que ocorre em todo o pa\u00eds), que atualmente s\u00e3o geridos pela Empresa Brasileira de Servi\u00e7os\u00a0 Hospitalares (EBSERH). O pedido foi encaminhado ao Tribunal de Contas da Uni\u00e3o [&hellip;]<\/p>\n","protected":false},"author":2,"featured_media":0,"comment_status":"open","ping_status":"open","sticky":false,"template":"","format":"standard","meta":[],"categories":[12,5],"tags":[],"_links":{"self":[{"href":"https:\/\/sintema.org.br\/sintema\/wp-json\/wp\/v2\/posts\/7283"}],"collection":[{"href":"https:\/\/sintema.org.br\/sintema\/wp-json\/wp\/v2\/posts"}],"about":[{"href":"https:\/\/sintema.org.br\/sintema\/wp-json\/wp\/v2\/types\/post"}],"author":[{"embeddable":true,"href":"https:\/\/sintema.org.br\/sintema\/wp-json\/wp\/v2\/users\/2"}],"replies":[{"embeddable":true,"href":"https:\/\/sintema.org.br\/sintema\/wp-json\/wp\/v2\/comments?post=7283"}],"version-history":[{"count":1,"href":"https:\/\/sintema.org.br\/sintema\/wp-json\/wp\/v2\/posts\/7283\/revisions"}],"predecessor-version":[{"id":7285,"href":"https:\/\/sintema.org.br\/sintema\/wp-json\/wp\/v2\/posts\/7283\/revisions\/7285"}],"wp:attachment":[{"href":"https:\/\/sintema.org.br\/sintema\/wp-json\/wp\/v2\/media?parent=7283"}],"wp:term":[{"taxonomy":"category","embeddable":true,"href":"https:\/\/sintema.org.br\/sintema\/wp-json\/wp\/v2\/categories?post=7283"},{"taxonomy":"post_tag","embeddable":true,"href":"https:\/\/sintema.org.br\/sintema\/wp-json\/wp\/v2\/tags?post=7283"}],"curies":[{"name":"wp","href":"https:\/\/api.w.org\/{rel}","templated":true}]}}