{"id":7286,"date":"2016-03-30T18:54:38","date_gmt":"2016-03-30T18:54:38","guid":{"rendered":"http:\/\/sintema.org.br\/sintema\/?p=7286"},"modified":"2016-03-30T18:56:39","modified_gmt":"2016-03-30T18:56:39","slug":"urgente-ufma-convoca-servidores-para-recadastramento","status":"publish","type":"post","link":"https:\/\/sintema.org.br\/sintema\/urgente-ufma-convoca-servidores-para-recadastramento\/","title":{"rendered":"URGENTE: UFMA convoca servidores para recadastramento"},"content":{"rendered":"<div data-canvas-width=\"428.0799999999998\"><a href=\"http:\/\/sintema.org.br\/sintema\/wp-content\/uploads\/2015\/11\/Comunicado.jpg\"><img loading=\"lazy\" class=\"alignnone  wp-image-6784\" alt=\"Comunicado\" src=\"http:\/\/sintema.org.br\/sintema\/wp-content\/uploads\/2015\/11\/Comunicado.jpg\" width=\"300\" height=\"212\" \/><\/a><\/div>\n<div data-canvas-width=\"428.0799999999998\"><\/div>\n<div data-canvas-width=\"428.0799999999998\">A PR\u00d3-REITORA DE RECURSOS HUMANOS DA UNIVERSIDADE FEDERAL DO MARANH\u00c3O<\/div>\n<div data-canvas-width=\"238.53999999999996\"><\/div>\n<div data-canvas-width=\"678.0200000000007\">Comunica aos servidores aposentados e pensionistas, aniversariantes no m\u00eas de dezembro de 2015, constantes do Anexo \u00danico deste Edital, que tendo transcorridos todos os prazos legais para efetuar o recadastramento no ano corrente, a Secretaria<\/div>\n<div data-canvas-width=\"678.0800000000003\">de Gest\u00e3o P\u00fablica do Minist\u00e9rio do Planejamento, Or\u00e7amento e Gest\u00e3o (SEGEP\/MPOG), efetuou a suspens\u00e3o autom\u00e1tica do pagamento, na folha do m\u00eas de mar\u00e7o de 2015, conforme previs\u00e3o legal: Art.9\u00ba da Lei n\u00ba 9.527, de 10 de dezembro de 1997, Decreto n\u00ba 7.862, de 8 de dezembro de 2012, Portaria MP n\u00ba 8, de 7 e janeiro de 2013 e Orienta\u00e7\u00e3o Normativa SEGEP n\u00ba<\/div>\n<div data-canvas-width=\"417.84\">1, publicada no DOU de 14 de janeiro de 2013.<\/div>\n<div data-canvas-width=\"417.84\"><\/div>\n<div data-canvas-width=\"76.70000000000002\">Solicitamos o comparecimento dos convocados ao Departamento de Pessoal desta Pr\u00f3-Reitoria para a regulariza\u00e7\u00e3o da situa\u00e7\u00e3o cadastral.<\/div>\n<div data-canvas-width=\"76.70000000000002\"><\/div>\n<div data-canvas-width=\"76.70000000000002\">Confira a lista com os nomes dos servidores que precisam realizar o cadastramento: <a href=\"http:\/\/www.ufma.br\/portalUFMA\/edital\/xjkSaoz29xt9s96.pdf\" target=\"_blank\">CLIQUE AQUI!<\/a><\/div>\n<div data-canvas-width=\"76.70000000000002\"><\/div>\n<div data-canvas-width=\"76.70000000000002\">Fonte: UFMA.<\/div>\n<div data-canvas-width=\"76.70000000000002\"><\/div>\n","protected":false},"excerpt":{"rendered":"<p>A PR\u00d3-REITORA DE RECURSOS HUMANOS DA UNIVERSIDADE FEDERAL DO MARANH\u00c3O Comunica aos servidores aposentados e pensionistas, aniversariantes no m\u00eas de dezembro de 2015, constantes do Anexo \u00danico deste Edital, que tendo transcorridos todos os prazos legais para efetuar o recadastramento no ano corrente, a Secretaria de Gest\u00e3o P\u00fablica do Minist\u00e9rio do Planejamento, Or\u00e7amento e Gest\u00e3o [&hellip;]<\/p>\n","protected":false},"author":2,"featured_media":0,"comment_status":"open","ping_status":"open","sticky":false,"template":"","format":"standard","meta":[],"categories":[5],"tags":[],"_links":{"self":[{"href":"https:\/\/sintema.org.br\/sintema\/wp-json\/wp\/v2\/posts\/7286"}],"collection":[{"href":"https:\/\/sintema.org.br\/sintema\/wp-json\/wp\/v2\/posts"}],"about":[{"href":"https:\/\/sintema.org.br\/sintema\/wp-json\/wp\/v2\/types\/post"}],"author":[{"embeddable":true,"href":"https:\/\/sintema.org.br\/sintema\/wp-json\/wp\/v2\/users\/2"}],"replies":[{"embeddable":true,"href":"https:\/\/sintema.org.br\/sintema\/wp-json\/wp\/v2\/comments?post=7286"}],"version-history":[{"count":2,"href":"https:\/\/sintema.org.br\/sintema\/wp-json\/wp\/v2\/posts\/7286\/revisions"}],"predecessor-version":[{"id":7288,"href":"https:\/\/sintema.org.br\/sintema\/wp-json\/wp\/v2\/posts\/7286\/revisions\/7288"}],"wp:attachment":[{"href":"https:\/\/sintema.org.br\/sintema\/wp-json\/wp\/v2\/media?parent=7286"}],"wp:term":[{"taxonomy":"category","embeddable":true,"href":"https:\/\/sintema.org.br\/sintema\/wp-json\/wp\/v2\/categories?post=7286"},{"taxonomy":"post_tag","embeddable":true,"href":"https:\/\/sintema.org.br\/sintema\/wp-json\/wp\/v2\/tags?post=7286"}],"curies":[{"name":"wp","href":"https:\/\/api.w.org\/{rel}","templated":true}]}}