{"id":7290,"date":"2016-03-31T15:19:41","date_gmt":"2016-03-31T15:19:41","guid":{"rendered":"http:\/\/sintema.org.br\/sintema\/?p=7290"},"modified":"2016-03-31T15:19:41","modified_gmt":"2016-03-31T15:19:41","slug":"obituario-jose-carlos-ribeiro-de-araujo-professor-do-departamento-de-medicina-ii","status":"publish","type":"post","link":"https:\/\/sintema.org.br\/sintema\/obituario-jose-carlos-ribeiro-de-araujo-professor-do-departamento-de-medicina-ii\/","title":{"rendered":"Obitu\u00e1rio: Jos\u00e9 Carlos Ribeiro de Ara\u00fajo, professor do departamento de Medicina II"},"content":{"rendered":"<p><a href=\"http:\/\/sintema.org.br\/sintema\/wp-content\/uploads\/2014\/05\/falecimentoooo-300x186111.jpg\"><img loading=\"lazy\" class=\"alignnone size-full wp-image-4804\" alt=\"falecimentoooo-300x186111\" src=\"http:\/\/sintema.org.br\/sintema\/wp-content\/uploads\/2014\/05\/falecimentoooo-300x186111.jpg\" width=\"300\" height=\"186\" \/><\/a><\/p>\n<p>S\u00c3O LU\u00cdS &#8211; \u00c9 com profundo pesar que a Universidade Federal do Maranh\u00e3o comunica o falecimento do cirugi\u00e3o geral e professor do departamento de Medicina II, ocorrido na noite desta quarta-feira, 30. O professor estava internado por motivo de um acidente vascular cerebral.<\/p>\n<p>O vel\u00f3rio est\u00e1 acontecendo na Pax Uni\u00e3o da Rua Grande. O sepultamento ser\u00e1 \u00e0 tarde, no Parque da Saudade, no Vinhais. O hor\u00e1rio ainda n\u00e3o foi informado.<\/p>\n<p>A comunidade universit\u00e1ria estende as mais profundas condol\u00eancias aos familiares, amigos e colegas de trabalho, diante da perda.<\/p>\n<p><em>Com informa\u00e7\u00f5es da UFMA.<\/em><\/p>\n","protected":false},"excerpt":{"rendered":"<p>S\u00c3O LU\u00cdS &#8211; \u00c9 com profundo pesar que a Universidade Federal do Maranh\u00e3o comunica o falecimento do cirugi\u00e3o geral e professor do departamento de Medicina II, ocorrido na noite desta quarta-feira, 30. O professor estava internado por motivo de um acidente vascular cerebral. O vel\u00f3rio est\u00e1 acontecendo na Pax Uni\u00e3o da Rua Grande. O sepultamento [&hellip;]<\/p>\n","protected":false},"author":2,"featured_media":0,"comment_status":"open","ping_status":"open","sticky":false,"template":"","format":"standard","meta":[],"categories":[5,8],"tags":[],"_links":{"self":[{"href":"https:\/\/sintema.org.br\/sintema\/wp-json\/wp\/v2\/posts\/7290"}],"collection":[{"href":"https:\/\/sintema.org.br\/sintema\/wp-json\/wp\/v2\/posts"}],"about":[{"href":"https:\/\/sintema.org.br\/sintema\/wp-json\/wp\/v2\/types\/post"}],"author":[{"embeddable":true,"href":"https:\/\/sintema.org.br\/sintema\/wp-json\/wp\/v2\/users\/2"}],"replies":[{"embeddable":true,"href":"https:\/\/sintema.org.br\/sintema\/wp-json\/wp\/v2\/comments?post=7290"}],"version-history":[{"count":1,"href":"https:\/\/sintema.org.br\/sintema\/wp-json\/wp\/v2\/posts\/7290\/revisions"}],"predecessor-version":[{"id":7291,"href":"https:\/\/sintema.org.br\/sintema\/wp-json\/wp\/v2\/posts\/7290\/revisions\/7291"}],"wp:attachment":[{"href":"https:\/\/sintema.org.br\/sintema\/wp-json\/wp\/v2\/media?parent=7290"}],"wp:term":[{"taxonomy":"category","embeddable":true,"href":"https:\/\/sintema.org.br\/sintema\/wp-json\/wp\/v2\/categories?post=7290"},{"taxonomy":"post_tag","embeddable":true,"href":"https:\/\/sintema.org.br\/sintema\/wp-json\/wp\/v2\/tags?post=7290"}],"curies":[{"name":"wp","href":"https:\/\/api.w.org\/{rel}","templated":true}]}}