{"id":7294,"date":"2016-04-01T12:51:49","date_gmt":"2016-04-01T12:51:49","guid":{"rendered":"http:\/\/sintema.org.br\/sintema\/?p=7294"},"modified":"2016-04-01T12:51:49","modified_gmt":"2016-04-01T12:51:49","slug":"cnasp-manifesto-em-defesa-do-estado-democratico-de-direito","status":"publish","type":"post","link":"https:\/\/sintema.org.br\/sintema\/cnasp-manifesto-em-defesa-do-estado-democratico-de-direito\/","title":{"rendered":"CNASP: Manifesto em defesa do Estado Democr\u00e1tico de Direito"},"content":{"rendered":"<p><a href=\"http:\/\/sintema.org.br\/sintema\/wp-content\/uploads\/2016\/04\/CNASP.png\"><img loading=\"lazy\" class=\"alignnone  wp-image-7295\" alt=\"CNASP\" src=\"http:\/\/sintema.org.br\/sintema\/wp-content\/uploads\/2016\/04\/CNASP.png\" width=\"412\" height=\"307\" srcset=\"https:\/\/sintema.org.br\/sintema\/wp-content\/uploads\/2016\/04\/CNASP.png 686w, https:\/\/sintema.org.br\/sintema\/wp-content\/uploads\/2016\/04\/CNASP-300x223.png 300w\" sizes=\"(max-width: 412px) 100vw, 412px\" \/><\/a><\/p>\n<p>O Coletivo Nacional de Advogados de Servidores P\u00fablicos \u2013 CNASP, seriamente preocupado com a crise institucional a que o Brasil vem sendo submetido nos \u00faltimos meses, torna p\u00fablico seu mais forte rep\u00fadio a qualquer tentativa de uso do Poder Judici\u00e1rio como instrumento de luta pol\u00edtico-partid\u00e1ria, o que coloca em risco a pr\u00f3pria democracia.<\/p>\n<p>\u00c9 for\u00e7oso reconhecer, contudo, que em nosso Pa\u00eds a corrup\u00e7\u00e3o de h\u00e1 muito constitui verdadeiro fen\u00f4meno cultural, que se materializa e pulveriza desde pequenos deslizes pessoais cotidianos, albergados e admitidos por expressiva parcela da nossa popula\u00e7\u00e3o sob o manto do famoso \u201cjeitinho brasileiro\u201d. \u00c9 no plano institucional, contudo, que ela mostra a sua face mais perversa, espraiando seus efeitos por praticamente todos os Partidos Pol\u00edticos, n\u00e3o somente destruindo as finan\u00e7as do Estado &#8211; ao lhe subtrair recursos indispens\u00e1veis \u00e0 sua fun\u00e7\u00e3o social -, mas corroendo o pr\u00f3prio tecido social e fragilizando a democracia, na medida em que incide diretamente sobre a atua\u00e7\u00e3o de governantes, parlamentares e at\u00e9 magistrados, como os fatos t\u00eam demonstrado cotidianamente.<\/p>\n<p>Diante deste cen\u00e1rio, o CNASP se posiciona:<br \/>\n1. Contra a justi\u00e7a seletiva, parcial e partidarizada;<br \/>\n2. Repudiamos as tentativas de ruptura com o Estado Democr\u00e1tico de Direito e a implanta\u00e7\u00e3o de um Estado Policial que \u201ctudo pode\u201d, em flagrante ofensa \u00e0 democracia e direitos fundamentais;<br \/>\n3. Nos opomos e denunciamos o papel manipulador da m\u00eddia que, servindo a interesses econ\u00f4micos, estimula convuls\u00f5es sociais e apela escancaradamente \u00e0 emo\u00e7\u00e3o em detrimento ao debate, \u00e0 raz\u00e3o e \u00e0 reflex\u00e3o, trazendo como resultado apenas rivalidade, o \u00f3dio e a intoler\u00e2ncia.<br \/>\n4. N\u00e3o toleramos a corrup\u00e7\u00e3o, pr\u00f3pria de um sistema que desde a origem de nosso pa\u00eds coloca o Estado como aparelho a servi\u00e7o de quem explora suas riquezas e seu povo;<br \/>\n5. Entendemos que a ningu\u00e9m &#8211; e a nenhum Poder -, \u00e9 dado combater a corrup\u00e7\u00e3o corrompendo a pr\u00f3pria Constitui\u00e7\u00e3o!<\/p>\n<p>Como se percebe, vivemos um momento impar na hist\u00f3ria nacional, no qual os ainda t\u00edmidos avan\u00e7os democr\u00e1ticos e civilizat\u00f3rios alcan\u00e7ados nos \u00faltimos trinta anos encontram-se seriamente amea\u00e7ados pelo sistem\u00e1tico desrespeito \u00e0 ordem jur\u00eddica e ao Estado Democr\u00e1tico de Direito, sem que os agentes p\u00fablicos que deveriam proteger a Constitui\u00e7\u00e3o, em especial o Procurador-Geral da Rep\u00fablica e o Supremo Tribunal Federal, sequer cogitem de reagir a este descalabro, tudo sob o olhar omisso da OAB.<\/p>\n<p>De nossa parte, assim, queremos aqui manifestar nosso firme prop\u00f3sito de continuar lutando pelo respeito incondicional ao Estado Democr\u00e1tico de Direito e pela amplia\u00e7\u00e3o dos instrumentos de participa\u00e7\u00e3o popular na vida nacional, de sorte a aprimorar e consolidar a ainda fr\u00e1gil democracia brasileira, para o que n\u00e3o mediremos esfor\u00e7os, dentro da ordem legal constitu\u00edda, para defender o interesse p\u00fablico contra as les\u00f5es que lhe vem sendo impostas exatamente por aqueles que deveriam proteg\u00ea-lo.<\/p>\n<p>Porto Alegre, 31 de mar\u00e7o de 2016.<\/p>\n<p>Coletivo Nacional de Advogados de Servidores P\u00fablicos &#8211; CNASP<\/p>\n<p>Acesse o texto do Manifesto, na \u00edntegra, abrindo o link abaixo:\u00a0 <a href=\"http:\/\/www.cnasp.adv.br\/site\/content\/artigos_publicacoes_detalhes.php?artigo=53\" target=\"_blank\">clique aqui!<\/a><\/p>\n<p>Fonte: CNASP.<\/p>\n","protected":false},"excerpt":{"rendered":"<p>O Coletivo Nacional de Advogados de Servidores P\u00fablicos \u2013 CNASP, seriamente preocupado com a crise institucional a que o Brasil vem sendo submetido nos \u00faltimos meses, torna p\u00fablico seu mais forte rep\u00fadio a qualquer tentativa de uso do Poder Judici\u00e1rio como instrumento de luta pol\u00edtico-partid\u00e1ria, o que coloca em risco a pr\u00f3pria democracia. \u00c9 for\u00e7oso [&hellip;]<\/p>\n","protected":false},"author":2,"featured_media":0,"comment_status":"open","ping_status":"open","sticky":false,"template":"","format":"standard","meta":[],"categories":[5,18],"tags":[],"_links":{"self":[{"href":"https:\/\/sintema.org.br\/sintema\/wp-json\/wp\/v2\/posts\/7294"}],"collection":[{"href":"https:\/\/sintema.org.br\/sintema\/wp-json\/wp\/v2\/posts"}],"about":[{"href":"https:\/\/sintema.org.br\/sintema\/wp-json\/wp\/v2\/types\/post"}],"author":[{"embeddable":true,"href":"https:\/\/sintema.org.br\/sintema\/wp-json\/wp\/v2\/users\/2"}],"replies":[{"embeddable":true,"href":"https:\/\/sintema.org.br\/sintema\/wp-json\/wp\/v2\/comments?post=7294"}],"version-history":[{"count":1,"href":"https:\/\/sintema.org.br\/sintema\/wp-json\/wp\/v2\/posts\/7294\/revisions"}],"predecessor-version":[{"id":7296,"href":"https:\/\/sintema.org.br\/sintema\/wp-json\/wp\/v2\/posts\/7294\/revisions\/7296"}],"wp:attachment":[{"href":"https:\/\/sintema.org.br\/sintema\/wp-json\/wp\/v2\/media?parent=7294"}],"wp:term":[{"taxonomy":"category","embeddable":true,"href":"https:\/\/sintema.org.br\/sintema\/wp-json\/wp\/v2\/categories?post=7294"},{"taxonomy":"post_tag","embeddable":true,"href":"https:\/\/sintema.org.br\/sintema\/wp-json\/wp\/v2\/tags?post=7294"}],"curies":[{"name":"wp","href":"https:\/\/api.w.org\/{rel}","templated":true}]}}